{"id":10025,"date":"2016-07-12T13:35:42","date_gmt":"2016-07-12T17:35:42","guid":{"rendered":"http:\/\/www.rincondelbulla.cl\/portal\/?p=10025"},"modified":"2016-07-12T14:02:39","modified_gmt":"2016-07-12T18:02:39","slug":"el-quili-y-la-recepcion-del-hincha-azul-fue-mejor-de-lo-que-habia-pensado","status":"publish","type":"post","link":"http:\/\/www.rincondelbulla.cl\/portal\/2016\/07\/12\/el-quili-y-la-recepcion-del-hincha-azul-fue-mejor-de-lo-que-habia-pensado\/","title":{"rendered":"El &#8216;Quili&#8217; y la recepci\u00f3n del hincha azul: \u201cFue mejor de lo que hab\u00eda pensado\u201c"},"content":{"rendered":"<figure id=\"attachment_10029\" aria-describedby=\"caption-attachment-10029\" style=\"width: 1000px\" class=\"wp-caption aligncenter\"><img loading=\"lazy\" decoding=\"async\" class=\"size-full wp-image-10029\" src=\"http:\/\/www.rincondelbulla.cl\/portal\/wp-content\/uploads\/2016\/07\/Vilchez.jpg\" alt=\"Foto: Claudio C\u00e1ceres\" width=\"1000\" height=\"667\" srcset=\"http:\/\/www.rincondelbulla.cl\/portal\/wp-content\/uploads\/2016\/07\/Vilchez.jpg 1000w, http:\/\/www.rincondelbulla.cl\/portal\/wp-content\/uploads\/2016\/07\/Vilchez-300x200.jpg 300w, http:\/\/www.rincondelbulla.cl\/portal\/wp-content\/uploads\/2016\/07\/Vilchez-768x512.jpg 768w, http:\/\/www.rincondelbulla.cl\/portal\/wp-content\/uploads\/2016\/07\/Vilchez-696x464.jpg 696w, http:\/\/www.rincondelbulla.cl\/portal\/wp-content\/uploads\/2016\/07\/Vilchez-630x420.jpg 630w\" sizes=\"auto, (max-width: 1000px) 100vw, 1000px\" \/><figcaption id=\"caption-attachment-10029\" class=\"wp-caption-text\">Foto: Claudio C\u00e1ceres<\/figcaption><\/figure>\n<p><strong>El zaguero azul analiz\u00f3 el rendimiento colectivo en el \u00faltimo partido amistoso de la \u201cU\u201d, entreg\u00f3 su opini\u00f3n sobre la l\u00ednea defensiva y se mostr\u00f3 sorprendido por el recibimiento de los hinchas.<\/strong><!--more--><\/p>\n<p>Christian Vilches habl\u00f3 con la prensa en el Centro Deportivo Azul, donde tuvo palabras tambi\u00e9n para el posible paro del Sifup y la presi\u00f3n impuesta por el presidente de Azul Azul, Carlos Heller. Revisa sus declaraciones:<\/p>\n<p><strong>Los rendimientos frente a Estudiantes de La Plata:<\/strong> \u201cCreemos que se hizo un buen partido, quedamos bastante conformes. Si hay cosas que mejorar, pero lo que quiere el equipo, que es el juego ofensivo, tuvieron bastantes ocasiones de gol. Tenemos que afinar algunos detalles en la zona defensiva\u201d.<\/p>\n<p><strong>\u00bfL\u00ednea de tres o cuatro?:<\/strong> \u201cCualquiera de las dos me agrada. Estamos trabajando ambas l\u00edneas y tratando de sacar lo m\u00e1s positivo de cada una y cual sea la mejor para enfrentar el torneo.<\/p>\n<p><strong>Posible Paro de Futbolistas:<\/strong> \u201cEstamos pensando y trabajando que se va a jugar la otra semana. Esperemos que se soluciones todos los problemas que hay con la ANFP\u201d.<\/p>\n<p><strong>El nivel de Fabi\u00e1n Monz\u00f3n:<\/strong> \u201cLo he visto entrenar muy bien. Creo que f\u00edsicamente es un tipo con mucho trabajo, y t\u00e9cnicamente tambi\u00e9n. De repente hay detalles que te pasan en el partido y que te llevan a cometer errores, pero son parte del partido. La idea es minimizarlos\u201d<\/p>\n<p><strong>\u00bfC\u00f3mo llega el plantel al inicio de la temporada?:<\/strong> \u201cCreo que llegamos s\u00faper bien. Vamos mejorando. Vamos logrando lo que quiere el \u2018Seba\u2019 (Beccaccece) d\u00eda a d\u00eda, que es el juego ofensivo que le gusta tanto a \u00e9l. Se est\u00e1 haciendo un excelente trabajo, junto a Luis (Bonini) tambi\u00e9n. Est\u00e1 muy contentos y con mucha expectativas de lo que podemos hacer\u201d.<\/p>\n<p><strong>\u00bfC\u00f3mo te recibi\u00f3 la gente el s\u00e1bado en el Estadio Nacional?:<\/strong> \u201cBien. No vamos a decir que fue un gran apoyo, pero bien. Mejor de lo que hab\u00eda pensado\u201d.<\/p>\n<p><strong>\u00bfSienten la presi\u00f3n de las palabras de Carlos Heller?:<\/strong> \u201cEsto es la \u201cU\u201d y la presi\u00f3n siempre est\u00e1. Es un equipo grande y tiene la presi\u00f3n de salir campe\u00f3n. La necesidad de pelear siempre por los torneos\u201d.<\/p>\n","protected":false},"excerpt":{"rendered":"<p>El zaguero azul analiz\u00f3 el rendimiento colectivo en el \u00faltimo partido amistoso de la \u201cU\u201d, entreg\u00f3 su opini\u00f3n sobre la l\u00ednea defensiva y se mostr\u00f3 sorprendido por el recibimiento de los hinchas.<\/p>\n","protected":false},"author":21382,"featured_media":10029,"comment_status":"closed","ping_status":"open","sticky":false,"template":"","format":"standard","meta":{"footnotes":""},"categories":[18],"tags":[454,192,563,818,424,810,555,820,102,819,724,157,537,723,294,156],"class_list":{"0":"post-10025","1":"post","2":"type-post","3":"status-publish","4":"format-standard","5":"has-post-thumbnail","7":"category-actualidad","8":"tag-actualidad","9":"tag-carlos-heller","10":"tag-centro-deportivo-azul","11":"tag-christian-vilches","12":"tag-estadio-nacional","13":"tag-estudiantes-de-la-plata","14":"tag-fabian-monzon","15":"tag-hincha","16":"tag-los-de-abajo","17":"tag-luis-bonini","18":"tag-paro","19":"tag-portada","20":"tag-sebastian-beccacece","21":"tag-sifup","22":"tag-u-de-chile","23":"tag-universidad-de-chile"},"_links":{"self":[{"href":"http:\/\/www.rincondelbulla.cl\/portal\/wp-json\/wp\/v2\/posts\/10025","targetHints":{"allow":["GET"]}}],"collection":[{"href":"http:\/\/www.rincondelbulla.cl\/portal\/wp-json\/wp\/v2\/posts"}],"about":[{"href":"http:\/\/www.rincondelbulla.cl\/portal\/wp-json\/wp\/v2\/types\/post"}],"author":[{"embeddable":true,"href":"http:\/\/www.rincondelbulla.cl\/portal\/wp-json\/wp\/v2\/users\/21382"}],"replies":[{"embeddable":true,"href":"http:\/\/www.rincondelbulla.cl\/portal\/wp-json\/wp\/v2\/comments?post=10025"}],"version-history":[{"count":3,"href":"http:\/\/www.rincondelbulla.cl\/portal\/wp-json\/wp\/v2\/posts\/10025\/revisions"}],"predecessor-version":[{"id":10030,"href":"http:\/\/www.rincondelbulla.cl\/portal\/wp-json\/wp\/v2\/posts\/10025\/revisions\/10030"}],"wp:featuredmedia":[{"embeddable":true,"href":"http:\/\/www.rincondelbulla.cl\/portal\/wp-json\/wp\/v2\/media\/10029"}],"wp:attachment":[{"href":"http:\/\/www.rincondelbulla.cl\/portal\/wp-json\/wp\/v2\/media?parent=10025"}],"wp:term":[{"taxonomy":"category","embeddable":true,"href":"http:\/\/www.rincondelbulla.cl\/portal\/wp-json\/wp\/v2\/categories?post=10025"},{"taxonomy":"post_tag","embeddable":true,"href":"http:\/\/www.rincondelbulla.cl\/portal\/wp-json\/wp\/v2\/tags?post=10025"}],"curies":[{"name":"wp","href":"https:\/\/api.w.org\/{rel}","templated":true}]}}