{"id":10032,"date":"2016-07-13T15:19:58","date_gmt":"2016-07-13T19:19:58","guid":{"rendered":"http:\/\/www.rincondelbulla.cl\/portal\/?p=10032"},"modified":"2016-07-13T15:19:58","modified_gmt":"2016-07-13T19:19:58","slug":"la-u-piensa-a-beausejour-pero-lo-niegan","status":"publish","type":"post","link":"http:\/\/www.rincondelbulla.cl\/portal\/2016\/07\/13\/la-u-piensa-a-beausejour-pero-lo-niegan\/","title":{"rendered":"La \u201cU\u201d piensa a Beausejour\u2026 pero lo niegan"},"content":{"rendered":"<figure id=\"attachment_10033\" aria-describedby=\"caption-attachment-10033\" style=\"width: 667px\" class=\"wp-caption alignnone\"><img loading=\"lazy\" decoding=\"async\" class=\"size-full wp-image-10033\" src=\"http:\/\/www.rincondelbulla.cl\/portal\/wp-content\/uploads\/2016\/07\/Jean-Beausejour-Gonzalo-Jara.jpg\" alt=\"El jugador de la Selecci\u00f3n chilena suena hace tiempo en el CDA. Pese a la negativa desde Azul Azul, los contactos estar\u00edan. Foto: www.anfp.cl\" width=\"667\" height=\"375\" srcset=\"http:\/\/www.rincondelbulla.cl\/portal\/wp-content\/uploads\/2016\/07\/Jean-Beausejour-Gonzalo-Jara.jpg 667w, http:\/\/www.rincondelbulla.cl\/portal\/wp-content\/uploads\/2016\/07\/Jean-Beausejour-Gonzalo-Jara-300x169.jpg 300w\" sizes=\"auto, (max-width: 667px) 100vw, 667px\" \/><figcaption id=\"caption-attachment-10033\" class=\"wp-caption-text\">El jugador de la Selecci\u00f3n chilena suena hace tiempo en el CDA. Pese a la negativa desde Azul Azul, los contactos estar\u00edan. Foto: www.anfp.cl<\/figcaption><\/figure>\n<p><strong>El lateral, bicampe\u00f3n de Am\u00e9rica y con pasado en inferiores azules, ser\u00eda otra de las obsesiones de Sebasti\u00e1n Beccaccece para su plantel. Sin embargo, Diego Rivarola sali\u00f3\u00a0 a poner pa\u00f1os fr\u00edos a los rumores. Gonzalo Jara ser\u00eda parte de la \u00abcomisi\u00f3n negociadora\u00bb.<\/strong><!--more--><\/p>\n<p>Su nombre ronda hace tiempo y su amor por la camiseta azul no es desconocido. Jean Beausejour hace tiempo que suena en el CDA y ser\u00eda una de las cartas ganadoras que Sebasti\u00e1n Beccaccece quiere tener en su plantel.<\/p>\n<p>Actualmente, el bicampe\u00f3n de Am\u00e9rica con la selecci\u00f3n, no est\u00e1 a gusto en su actual equipo y no quiere seguir. Si bien, su llegada a la \u201cU\u201d es bien vista, si alto precio complicar\u00eda la transacci\u00f3n.<\/p>\n<p>Sin embargo, el asesor deportivo de los azules, Diego Rivarola, sali\u00f3 a poner pa\u00f1os fr\u00edos a estos rumores y neg\u00f3 alg\u00fan acercamiento con el lateral. <strong>\u00abHay muchas especulaciones y lo de Beausejour cae en lo mismo\u00bb<\/strong>, dijo \u2018Gok\u00fa\u2019 en entrevista con Radio La Clave.<\/p>\n<p>Pero el ex delantero no solo desminti\u00f3 lo del \u201cPalmatoria\u201d, sino que tambi\u00e9n el inter\u00e9s por el paraguayo Diego Barreto. <strong>\u00abLo de Barreto son especulaciones como con otros jugadores tambi\u00e9n\u00bb,<\/strong> asever\u00f3 \u00a0Rivarola.<\/p>\n<p><strong>\u201cEL OBJETIVO SIEMPRE SER\u00c1 GANAR\u201d<\/strong><\/p>\n<p>Diego Rivarola tambi\u00e9n tuvo tiempo para abordar otros temas, como por ejemplo la falta de algunos refuerzos y del futuro de Gonzalo Espinoza.<\/p>\n<p><strong>\u00abFalta otro delantero en la U y lo tenemos claro\u201d,<\/strong> dijo el ex atacante, a lo que agreg\u00f3 que <strong>\u201clo de Gonzalo Espinoza se est\u00e1 solucionando pero no sigue con nosotros\u00bb.<\/strong><\/p>\n<p>Sobre los objeticos trazados para este semestre, Rivarola declar\u00f3 que <strong>\u201cel objetivo de Universidad de Chile siempre ser\u00e1 ganar, pero primero tenemos que jugar bien\u00bb<\/strong>. \u2018Gok\u00fa\u2019 explic\u00f3 que para los azules <strong>\u00ablo del t\u00edtulo siempre es una obligaci\u00f3n, pero primero se debe jugar bien. Si no, no sirve\u00bb.<\/strong><\/p>\n","protected":false},"excerpt":{"rendered":"<p>El lateral, bicampe\u00f3n de Am\u00e9rica y con pasado en inferiores azules, ser\u00eda otra de las obsesiones de Sebasti\u00e1n Beccaccece para su plantel. Sin embargo, Diego Rivarola sali\u00f3\u00a0 a poner pa\u00f1os fr\u00edos a los rumores. Gonzalo Jara ser\u00eda parte de la \u00abcomisi\u00f3n negociadora\u00bb.<\/p>\n","protected":false},"author":21382,"featured_media":10034,"comment_status":"closed","ping_status":"open","sticky":false,"template":"","format":"standard","meta":{"footnotes":""},"categories":[18],"tags":[454,288,563,822,45,824,261,531,821,157,823,537,53,294,156],"class_list":{"0":"post-10032","1":"post","2":"type-post","3":"status-publish","4":"format-standard","5":"has-post-thumbnail","7":"category-actualidad","8":"tag-actualidad","9":"tag-cda","10":"tag-centro-deportivo-azul","11":"tag-diego-barreto","12":"tag-diego-rivarola","13":"tag-goku","14":"tag-gonzalo-espinoza","15":"tag-gonzalo-jara","16":"tag-jean-beausejour","17":"tag-portada","18":"tag-radio-la-clave","19":"tag-sebastian-beccacece","20":"tag-seleccion-chilena","21":"tag-u-de-chile","22":"tag-universidad-de-chile"},"_links":{"self":[{"href":"http:\/\/www.rincondelbulla.cl\/portal\/wp-json\/wp\/v2\/posts\/10032","targetHints":{"allow":["GET"]}}],"collection":[{"href":"http:\/\/www.rincondelbulla.cl\/portal\/wp-json\/wp\/v2\/posts"}],"about":[{"href":"http:\/\/www.rincondelbulla.cl\/portal\/wp-json\/wp\/v2\/types\/post"}],"author":[{"embeddable":true,"href":"http:\/\/www.rincondelbulla.cl\/portal\/wp-json\/wp\/v2\/users\/21382"}],"replies":[{"embeddable":true,"href":"http:\/\/www.rincondelbulla.cl\/portal\/wp-json\/wp\/v2\/comments?post=10032"}],"version-history":[{"count":1,"href":"http:\/\/www.rincondelbulla.cl\/portal\/wp-json\/wp\/v2\/posts\/10032\/revisions"}],"predecessor-version":[{"id":10035,"href":"http:\/\/www.rincondelbulla.cl\/portal\/wp-json\/wp\/v2\/posts\/10032\/revisions\/10035"}],"wp:featuredmedia":[{"embeddable":true,"href":"http:\/\/www.rincondelbulla.cl\/portal\/wp-json\/wp\/v2\/media\/10034"}],"wp:attachment":[{"href":"http:\/\/www.rincondelbulla.cl\/portal\/wp-json\/wp\/v2\/media?parent=10032"}],"wp:term":[{"taxonomy":"category","embeddable":true,"href":"http:\/\/www.rincondelbulla.cl\/portal\/wp-json\/wp\/v2\/categories?post=10032"},{"taxonomy":"post_tag","embeddable":true,"href":"http:\/\/www.rincondelbulla.cl\/portal\/wp-json\/wp\/v2\/tags?post=10032"}],"curies":[{"name":"wp","href":"https:\/\/api.w.org\/{rel}","templated":true}]}}