{"id":10036,"date":"2016-07-15T15:46:41","date_gmt":"2016-07-15T19:46:41","guid":{"rendered":"http:\/\/www.rincondelbulla.cl\/portal\/?p=10036"},"modified":"2016-07-15T15:46:41","modified_gmt":"2016-07-15T19:46:41","slug":"beccacece-si-no-son-buenos-los-resultados-renuncio","status":"publish","type":"post","link":"http:\/\/www.rincondelbulla.cl\/portal\/2016\/07\/15\/beccacece-si-no-son-buenos-los-resultados-renuncio\/","title":{"rendered":"Beccacece: \u00abSi no son buenos los resultados, renuncio\u00bb"},"content":{"rendered":"<figure id=\"attachment_8944\" aria-describedby=\"caption-attachment-8944\" style=\"width: 1100px\" class=\"wp-caption alignnone\"><img loading=\"lazy\" decoding=\"async\" class=\"size-full wp-image-8944\" src=\"http:\/\/www.rincondelbulla.cl\/portal\/wp-content\/uploads\/2016\/03\/beccacece3.jpg\" alt=\"El DT argentino se habr\u00eda comunicado telef\u00f3nicamente con la profesional, a quien le ofreci\u00f3 las disculpas correspondientes - Foto: Claudio C\u00e1ceres\" width=\"1100\" height=\"733\" srcset=\"http:\/\/www.rincondelbulla.cl\/portal\/wp-content\/uploads\/2016\/03\/beccacece3.jpg 1100w, http:\/\/www.rincondelbulla.cl\/portal\/wp-content\/uploads\/2016\/03\/beccacece3-300x200.jpg 300w, http:\/\/www.rincondelbulla.cl\/portal\/wp-content\/uploads\/2016\/03\/beccacece3-768x512.jpg 768w, http:\/\/www.rincondelbulla.cl\/portal\/wp-content\/uploads\/2016\/03\/beccacece3-696x464.jpg 696w, http:\/\/www.rincondelbulla.cl\/portal\/wp-content\/uploads\/2016\/03\/beccacece3-1068x712.jpg 1068w, http:\/\/www.rincondelbulla.cl\/portal\/wp-content\/uploads\/2016\/03\/beccacece3-630x420.jpg 630w\" sizes=\"auto, (max-width: 1100px) 100vw, 1100px\" \/><figcaption id=\"caption-attachment-8944\" class=\"wp-caption-text\">El DT argentino se habr\u00eda comunicado telef\u00f3nicamente con la profesional, a quien le ofreci\u00f3 las disculpas correspondientes &#8211; Foto: Claudio C\u00e1ceres<\/figcaption><\/figure>\n<p><strong>A Beccacece se le nota m\u00e1s tranquilo en las conferencias, responde a todas las preguntas, incluso algunas con humor, y habla sobre cualquier tema. Tiene claro que si no consigue el t\u00edtulo \u201cRenuncio a cualquier monto y cari\u00f1o\u201d asegura.<\/strong><!--more--><\/p>\n<p>Y ahond\u00f3 m\u00e1s en el tema, \u201cLe dije al presidente que est\u00e9 muy tranquilo, que si nosotros este semestre no logr\u00e1bamos los objetivos planteados, o los resultados deseados, que no se condicionara a los dos a\u00f1os restantes que quedar\u00edan. Tiene muy claro, le di mi palabra, si al final del semestre no estamos donde deseamos y si el presidente no est\u00e1 conforme con el desarrollo de c\u00f3mo trabaja este grupo\u201d, alejando cualquier duda al respecto.<\/p>\n<p><strong>Beausejeur<\/strong>, \u00abA qu\u00e9 entrenador no le gustar\u00eda. Es un jugador que debe tener muchas ofertas.Tuve la posibilidad de trabajar con \u00e9l en O&#8217;Higgins y tiene un juego con mucho recorrido y potencia por la banda, pero es s\u00f3lo una ilusi\u00f3n\u00bb<\/p>\n<p><strong>Monz\u00f3n y Mart\u00ednez<\/strong>, \u201cAmbos siguen en el club, son parte del plantel y entrenan a la par con sus compe\u00f1aros\u201d<\/p>\n<p><strong>Guede<\/strong>, \u00abes un gran entrenador al igual muchos t\u00e9cnicos que hay en el f\u00fatbol chiileno . Va a ser un torneo mejorado y con entrenadores ya consolidados, por lo que la expectativa para la liga local es alta\u00bb.<\/p>\n<p><strong>ANFP<\/strong>, \u00abAhora solo me interesa la U\u00bb, finaliz\u00f3 la conferencia.<\/p>\n","protected":false},"excerpt":{"rendered":"<p>A Beccacece se le nota m\u00e1s tranquilo en las conferencias, responde a todas las preguntas, incluso algunas con humor, y habla sobre cualquier tema. Tiene claro que si no consigue el t\u00edtulo \u201cRenuncio a cualquier monto y cari\u00f1o\u201d asegura.<\/p>\n","protected":false},"author":21381,"featured_media":8944,"comment_status":"closed","ping_status":"open","sticky":false,"template":"","format":"standard","meta":{"footnotes":""},"categories":[18],"tags":[547,209],"class_list":{"0":"post-10036","1":"post","2":"type-post","3":"status-publish","4":"format-standard","5":"has-post-thumbnail","7":"category-actualidad","8":"tag-beccacece","9":"tag-conferencia-de-prensa"},"_links":{"self":[{"href":"http:\/\/www.rincondelbulla.cl\/portal\/wp-json\/wp\/v2\/posts\/10036","targetHints":{"allow":["GET"]}}],"collection":[{"href":"http:\/\/www.rincondelbulla.cl\/portal\/wp-json\/wp\/v2\/posts"}],"about":[{"href":"http:\/\/www.rincondelbulla.cl\/portal\/wp-json\/wp\/v2\/types\/post"}],"author":[{"embeddable":true,"href":"http:\/\/www.rincondelbulla.cl\/portal\/wp-json\/wp\/v2\/users\/21381"}],"replies":[{"embeddable":true,"href":"http:\/\/www.rincondelbulla.cl\/portal\/wp-json\/wp\/v2\/comments?post=10036"}],"version-history":[{"count":1,"href":"http:\/\/www.rincondelbulla.cl\/portal\/wp-json\/wp\/v2\/posts\/10036\/revisions"}],"predecessor-version":[{"id":10037,"href":"http:\/\/www.rincondelbulla.cl\/portal\/wp-json\/wp\/v2\/posts\/10036\/revisions\/10037"}],"wp:featuredmedia":[{"embeddable":true,"href":"http:\/\/www.rincondelbulla.cl\/portal\/wp-json\/wp\/v2\/media\/8944"}],"wp:attachment":[{"href":"http:\/\/www.rincondelbulla.cl\/portal\/wp-json\/wp\/v2\/media?parent=10036"}],"wp:term":[{"taxonomy":"category","embeddable":true,"href":"http:\/\/www.rincondelbulla.cl\/portal\/wp-json\/wp\/v2\/categories?post=10036"},{"taxonomy":"post_tag","embeddable":true,"href":"http:\/\/www.rincondelbulla.cl\/portal\/wp-json\/wp\/v2\/tags?post=10036"}],"curies":[{"name":"wp","href":"https:\/\/api.w.org\/{rel}","templated":true}]}}