{"id":10054,"date":"2016-07-18T19:44:11","date_gmt":"2016-07-18T23:44:11","guid":{"rendered":"http:\/\/www.rincondelbulla.cl\/portal\/?p=10054"},"modified":"2016-07-18T19:54:06","modified_gmt":"2016-07-18T23:54:06","slug":"opinion-bienvenido-a-casa-jean","status":"publish","type":"post","link":"http:\/\/www.rincondelbulla.cl\/portal\/2016\/07\/18\/opinion-bienvenido-a-casa-jean\/","title":{"rendered":"Opini\u00f3n: Bienvenido a Casa, Jean"},"content":{"rendered":"<p><img loading=\"lazy\" decoding=\"async\" class=\"alignnone size-full wp-image-10055\" src=\"http:\/\/www.rincondelbulla.cl\/portal\/wp-content\/uploads\/2016\/07\/Bose.jpg\" alt=\"Bose\" width=\"1200\" height=\"675\" srcset=\"http:\/\/www.rincondelbulla.cl\/portal\/wp-content\/uploads\/2016\/07\/Bose.jpg 1200w, http:\/\/www.rincondelbulla.cl\/portal\/wp-content\/uploads\/2016\/07\/Bose-300x169.jpg 300w, http:\/\/www.rincondelbulla.cl\/portal\/wp-content\/uploads\/2016\/07\/Bose-768x432.jpg 768w, http:\/\/www.rincondelbulla.cl\/portal\/wp-content\/uploads\/2016\/07\/Bose-696x392.jpg 696w, http:\/\/www.rincondelbulla.cl\/portal\/wp-content\/uploads\/2016\/07\/Bose-1068x601.jpg 1068w, http:\/\/www.rincondelbulla.cl\/portal\/wp-content\/uploads\/2016\/07\/Bose-747x420.jpg 747w\" sizes=\"auto, (max-width: 1200px) 100vw, 1200px\" \/><\/p>\n<p><strong>La vuelta de Jean Beausejour a vestir de azul no es solo una muy buena contrataci\u00f3n. Tampoco puede quedar solo como la mayor cifra de un traspaso dentro del alica\u00eddo f\u00fatbol chileno. Es algo muy significativo para muchos de nosotros.<\/strong><\/p>\n<p>En el a\u00f1o 1990, Universidad de Chile anunciaba con bombos y platillos el regreso de Patricio Ya\u00f1ez al f\u00fatbol chileno. Seleccionado nacional, proveniente del Real Betis espa\u00f1ol, lleg\u00f3 a la \u00abU\u00bb con la promesa de ser el \u00abJugador Distinto\u00bb de ese campeonato, que se identificar\u00eda con nuestra camiseta, sin embargo, luego de un a\u00f1o donde tuvo muchas lesiones, el jugador firma por Colo-Colo, generando la molestia de los hinchas azules.<br \/>\nEl d\u00eda de hoy, veinticinco a\u00f1os despu\u00e9s, Azul Azul le da una vuelta de mano a Colo Colo, fichando a uno de sus mejores hombres, sino el mejor.<\/p>\n<p>El moreno zurdo no es solo un gran jugador. A demostrado con creces, fuera de la cancha, que es un l\u00edder de opini\u00f3n, hablando de temas tan coyunturales como\u00a0 Educaci\u00f3n, Conflicto Mapuche o el proceso constituyente, por nombrar algunos.<\/p>\n<p>En lo deportivo, ya Marcelo Bielsa lo hab\u00eda elogiado por sus cualidades, asegurando que \u00abBose\u00bb era \u00ab<strong>Un jugador f\u00edsicamente apto. Intelectualmente capaz de asimilar mensajes no habituales, con mucha predisposici\u00f3n, con mucha entrega. Las particularidades que le permiten atacar no le impiden defender<\/strong>\u00ab. Jean es de esos jugadores que se le pueden encargar diversas tareas dentro de la cancha y siempre las suele cumplir de buena manera.<\/p>\n<p>Con este golpe a la mesa en el mercado de fichajes, Carlos Heller pareciera enviarle un mensaje claro a Anibal Mosa en respuesta a la contrataci\u00f3n de Michael R\u00edos. Pero no solo le envi\u00e1 un aviso al presidente de Blanco y Negro S.A., adem\u00e1s le pone un poco m\u00e1s de presi\u00f3n al cuerpo t\u00e9cnico encabezado por Sebasti\u00e1n Beccacece al cumplir uno de sus mayores anhelos.<\/p>\n<p>No nos queda m\u00e1s que decir, Bienvenido a tu casa JEAN ANDR\u00c9 EMANUEL BEAUSEJOUR COLIQUEO, queremos que des la vida por estos colores.<\/p>\n<p>&nbsp;<\/p>\n","protected":false},"excerpt":{"rendered":"<p>La vuelta de Jean Beausejour a vestir de azul no es solo una muy buena contrataci\u00f3n. Tampoco puede quedar solo como la mayor cifra de un traspaso dentro del alica\u00eddo f\u00fatbol chileno. Es algo muy significativo para muchos de nosotros. En el a\u00f1o 1990, Universidad de Chile anunciaba con bombos y platillos el regreso de [&#8230;]<\/p>\n","protected":false},"author":21381,"featured_media":10055,"comment_status":"closed","ping_status":"open","sticky":false,"template":"","format":"standard","meta":{"footnotes":""},"categories":[18],"tags":[],"class_list":{"0":"post-10054","1":"post","2":"type-post","3":"status-publish","4":"format-standard","5":"has-post-thumbnail","7":"category-actualidad"},"_links":{"self":[{"href":"http:\/\/www.rincondelbulla.cl\/portal\/wp-json\/wp\/v2\/posts\/10054","targetHints":{"allow":["GET"]}}],"collection":[{"href":"http:\/\/www.rincondelbulla.cl\/portal\/wp-json\/wp\/v2\/posts"}],"about":[{"href":"http:\/\/www.rincondelbulla.cl\/portal\/wp-json\/wp\/v2\/types\/post"}],"author":[{"embeddable":true,"href":"http:\/\/www.rincondelbulla.cl\/portal\/wp-json\/wp\/v2\/users\/21381"}],"replies":[{"embeddable":true,"href":"http:\/\/www.rincondelbulla.cl\/portal\/wp-json\/wp\/v2\/comments?post=10054"}],"version-history":[{"count":4,"href":"http:\/\/www.rincondelbulla.cl\/portal\/wp-json\/wp\/v2\/posts\/10054\/revisions"}],"predecessor-version":[{"id":10060,"href":"http:\/\/www.rincondelbulla.cl\/portal\/wp-json\/wp\/v2\/posts\/10054\/revisions\/10060"}],"wp:featuredmedia":[{"embeddable":true,"href":"http:\/\/www.rincondelbulla.cl\/portal\/wp-json\/wp\/v2\/media\/10055"}],"wp:attachment":[{"href":"http:\/\/www.rincondelbulla.cl\/portal\/wp-json\/wp\/v2\/media?parent=10054"}],"wp:term":[{"taxonomy":"category","embeddable":true,"href":"http:\/\/www.rincondelbulla.cl\/portal\/wp-json\/wp\/v2\/categories?post=10054"},{"taxonomy":"post_tag","embeddable":true,"href":"http:\/\/www.rincondelbulla.cl\/portal\/wp-json\/wp\/v2\/tags?post=10054"}],"curies":[{"name":"wp","href":"https:\/\/api.w.org\/{rel}","templated":true}]}}