{"id":10061,"date":"2016-07-19T16:49:32","date_gmt":"2016-07-19T20:49:32","guid":{"rendered":"http:\/\/www.rincondelbulla.cl\/portal\/?p=10061"},"modified":"2016-07-19T18:22:56","modified_gmt":"2016-07-19T22:22:56","slug":"la-gata-fernandez-cuando-uno-es-futbolista-de-la-u-sabe-el-protagonismo-que-debe-asumir","status":"publish","type":"post","link":"http:\/\/www.rincondelbulla.cl\/portal\/2016\/07\/19\/la-gata-fernandez-cuando-uno-es-futbolista-de-la-u-sabe-el-protagonismo-que-debe-asumir\/","title":{"rendered":"\u00abLa Gata\u00bb Fern\u00e1ndez: \u201cCuando uno es futbolista de la U sabe el protagonismo que debe asumir\u00bb"},"content":{"rendered":"<figure id=\"attachment_10073\" aria-describedby=\"caption-attachment-10073\" style=\"width: 1086px\" class=\"wp-caption aligncenter\"><img loading=\"lazy\" decoding=\"async\" class=\"size-full wp-image-10073\" src=\"http:\/\/www.rincondelbulla.cl\/portal\/wp-content\/uploads\/2016\/07\/33.jpg\" alt=\"Foto: Claudio C\u00e1ceres\" width=\"1086\" height=\"724\" srcset=\"http:\/\/www.rincondelbulla.cl\/portal\/wp-content\/uploads\/2016\/07\/33.jpg 1086w, http:\/\/www.rincondelbulla.cl\/portal\/wp-content\/uploads\/2016\/07\/33-300x200.jpg 300w, http:\/\/www.rincondelbulla.cl\/portal\/wp-content\/uploads\/2016\/07\/33-768x512.jpg 768w, http:\/\/www.rincondelbulla.cl\/portal\/wp-content\/uploads\/2016\/07\/33-696x464.jpg 696w, http:\/\/www.rincondelbulla.cl\/portal\/wp-content\/uploads\/2016\/07\/33-1068x712.jpg 1068w, http:\/\/www.rincondelbulla.cl\/portal\/wp-content\/uploads\/2016\/07\/33-630x420.jpg 630w\" sizes=\"auto, (max-width: 1086px) 100vw, 1086px\" \/><figcaption id=\"caption-attachment-10073\" class=\"wp-caption-text\">Foto: Claudio C\u00e1ceres<\/figcaption><\/figure>\n<p><strong>El jugador trasandino valor\u00f3 el trabajo de Beccaccece, asume la responsabilidad de formar parte del plantel azul y destac\u00f3 la llegada de Jean Beausejour al CDA.<\/strong><!--more--><\/p>\n<p>Este martes, Gast\u00f3n Fern\u00e1ndez enfrent\u00f3 los micr\u00f3fonos y analiz\u00f3 el presente del plantel y c\u00f3mo se preparan de cata al Torneo Apertura 2016-2017:<\/p>\n<p><strong>Su posici\u00f3n en el campo de juego:<\/strong> \u201cEs un tema que vamos hablando con Sebasti\u00e1n Beccaccece y que el ir\u00e1 tomando decisiones seg\u00fan lo requiera el equipo (\u2026) Desde mi punto de vista, me siento m\u00e1s c\u00f3modo estando lo m\u00e1s cerca de \u00e1rea posible o en tres cuartos en adelante. Tengo la predisposici\u00f3n de ayudar al equipo en lo que m\u00e1s me necesite\u201d<\/p>\n<p><strong>La llegada de Jean Beausejour<\/strong>: \u201cPara este, o cualquier plantel, tener un jugador de sus caracter\u00edsticas es important\u00edsimo (\u2026) Yo creo que puede aportar con su presencia en el vestuario. Tener jugadores de selecci\u00f3n, como Johnny y Gonzalo, y sumarle ahora un tercero, es importante para los j\u00f3venes, potenciar al grupo y conseguir los objetivos\u201d<\/p>\n<p><strong>Las expectativas para este semestre:<\/strong> \u201cNuestra mayor obligaci\u00f3n es estar con la mayor entrega y compromiso con la instituci\u00f3n y el plantel que estamos conformando, junto al cuerpo t\u00e9cnico (\u2026) Hay que demostrar cada fin de semana lo que uno tiene y para lo que trabaja d\u00eda a d\u00eda\u201d<\/p>\n<p><strong>\u00bfSer\u00e1 protagonista la \u201cU\u201d del torneo?:<\/strong> \u201cCuando uno es futbolista de la Universidad de Chile, uno sabe el protagonismo que debe asumir. Eso hay que demostrarlo cada fin de semana y no quedarnos tranquilos, ni relajarnos, con lo que hemos hecho en los amistosos. Nadie ha ganado nada hablando detr\u00e1s de un micr\u00f3fono\u201d<\/p>\n<p><strong>El trabajo de Beccaccece:<\/strong> \u201cHe visto un entrenador que no deja nada al alzar. Que trabaja todos los d\u00edas con el mayor compromiso posible y enfocado en los trabajos del equipo\u201d<\/p>\n<p><strong>Paro del SIFUP:<\/strong> \u201cLos tomamos siendo solidarios con esta situaci\u00f3n y poni\u00e9ndonos a la orden de lo que solicite el Sindicato de jugadores. Ojala se solucione lo m\u00e1s pronto posible\u201d<\/p>\n<p><strong>Posible doping:<\/strong> \u201cEl tema est\u00e1 todav\u00eda en veremos. He tenido una notificaci\u00f3n, pero a\u00fan Estudiantes de La Plata no ha recibido ninguna. Mi tranquilidad y la del m\u00e9dico del club es que el medicamento que us\u00e9 en ese partido est\u00e1 informado y debi\u00e9ramos tener ning\u00fan tipo de altercado. Estoy tranquilo\u201d.<\/p>\n","protected":false},"excerpt":{"rendered":"<p>El jugador trasandino valor\u00f3 el trabajo de Beccaccece, asume la responsabilidad de formar parte del plantel azul y destac\u00f3 la llegada de Jean Beausejour al CDA.<\/p>\n","protected":false},"author":21382,"featured_media":10073,"comment_status":"closed","ping_status":"open","sticky":false,"template":"","format":"standard","meta":{"footnotes":""},"categories":[18],"tags":[804,810,782,531,821,41,783,724,826,827,723,825,294,156],"class_list":{"0":"post-10061","1":"post","2":"type-post","3":"status-publish","4":"format-standard","5":"has-post-thumbnail","7":"category-actualidad","8":"tag-doping","9":"tag-estudiantes-de-la-plata","10":"tag-gaston-fernandez","11":"tag-gonzalo-jara","12":"tag-jean-beausejour","13":"tag-johnny-herrera","14":"tag-la-gata","15":"tag-paro","16":"tag-portada-actualidad","17":"tag-sebastian-beccaccece","18":"tag-sifup","19":"tag-torneo-apertura-2016-2017","20":"tag-u-de-chile","21":"tag-universidad-de-chile"},"_links":{"self":[{"href":"http:\/\/www.rincondelbulla.cl\/portal\/wp-json\/wp\/v2\/posts\/10061","targetHints":{"allow":["GET"]}}],"collection":[{"href":"http:\/\/www.rincondelbulla.cl\/portal\/wp-json\/wp\/v2\/posts"}],"about":[{"href":"http:\/\/www.rincondelbulla.cl\/portal\/wp-json\/wp\/v2\/types\/post"}],"author":[{"embeddable":true,"href":"http:\/\/www.rincondelbulla.cl\/portal\/wp-json\/wp\/v2\/users\/21382"}],"replies":[{"embeddable":true,"href":"http:\/\/www.rincondelbulla.cl\/portal\/wp-json\/wp\/v2\/comments?post=10061"}],"version-history":[{"count":5,"href":"http:\/\/www.rincondelbulla.cl\/portal\/wp-json\/wp\/v2\/posts\/10061\/revisions"}],"predecessor-version":[{"id":10079,"href":"http:\/\/www.rincondelbulla.cl\/portal\/wp-json\/wp\/v2\/posts\/10061\/revisions\/10079"}],"wp:featuredmedia":[{"embeddable":true,"href":"http:\/\/www.rincondelbulla.cl\/portal\/wp-json\/wp\/v2\/media\/10073"}],"wp:attachment":[{"href":"http:\/\/www.rincondelbulla.cl\/portal\/wp-json\/wp\/v2\/media?parent=10061"}],"wp:term":[{"taxonomy":"category","embeddable":true,"href":"http:\/\/www.rincondelbulla.cl\/portal\/wp-json\/wp\/v2\/categories?post=10061"},{"taxonomy":"post_tag","embeddable":true,"href":"http:\/\/www.rincondelbulla.cl\/portal\/wp-json\/wp\/v2\/tags?post=10061"}],"curies":[{"name":"wp","href":"https:\/\/api.w.org\/{rel}","templated":true}]}}