{"id":10063,"date":"2016-07-19T16:46:42","date_gmt":"2016-07-19T20:46:42","guid":{"rendered":"http:\/\/www.rincondelbulla.cl\/portal\/?p=10063"},"modified":"2016-07-19T16:54:53","modified_gmt":"2016-07-19T20:54:53","slug":"el-negro-hace-rato-queria-venir-a-la-u","status":"publish","type":"post","link":"http:\/\/www.rincondelbulla.cl\/portal\/2016\/07\/19\/el-negro-hace-rato-queria-venir-a-la-u\/","title":{"rendered":"\u00abEl negro hace rato quer\u00eda venir a la U\u00bb"},"content":{"rendered":"<figure id=\"attachment_8659\" aria-describedby=\"caption-attachment-8659\" style=\"width: 670px\" class=\"wp-caption alignnone\"><img loading=\"lazy\" decoding=\"async\" class=\"size-full wp-image-8659\" src=\"http:\/\/www.rincondelbulla.cl\/portal\/wp-content\/uploads\/2016\/03\/Johnny_Herrera.jpg\" alt=\" Foto: Agencia Uno\" width=\"670\" height=\"400\" srcset=\"http:\/\/www.rincondelbulla.cl\/portal\/wp-content\/uploads\/2016\/03\/Johnny_Herrera.jpg 670w, http:\/\/www.rincondelbulla.cl\/portal\/wp-content\/uploads\/2016\/03\/Johnny_Herrera-300x179.jpg 300w\" sizes=\"auto, (max-width: 670px) 100vw, 670px\" \/><figcaption id=\"caption-attachment-8659\" class=\"wp-caption-text\">Foto: Agencia Uno<\/figcaption><\/figure>\n<p><strong>El capit\u00e1n azul dedic\u00f3 palabras para la llegada de Beausejour y record\u00f3 junto a Marco Olea una gran an\u00e9cdota.<\/strong><!--more--><\/p>\n<p>Horas despu\u00e9s de que el nuevo refuerzo azul Jean Beausejour estampara su firma en el CDA. Johnny Herrera asisti\u00f3 al programa Golazo Pop del Diario La Cuarta, donde tuvo tiempo de revelar sus cercan\u00eda con \u00abPalmatoria\u00bb.<\/p>\n<p>\u00abEl negro hace rato quer\u00eda venir, su familia, los hermanos, son todos de la U. Yo hace rato ve\u00eda venir esto\u00bb, coment\u00f3 Herrera. El portero agreg\u00f3 que\u00a0\u00abes tremendo aporte, una persona madura y muy profesional, por tanto que nos tiene que ir bien si o si\u00bb.<\/p>\n<p>Junto a \u00e9l estuvo Marco Olea, con quien recordaron la semifinal frente a River Plate de 1996, donde ambos confesaron que fueron peloteros en ese importante partido.<\/p>\n<p>Puedes ver el programa completo aqu\u00ed:<\/p>\n<p><iframe loading=\"lazy\" style=\"border: none; overflow: hidden;\" src=\"https:\/\/www.facebook.com\/plugins\/video.php?href=https%3A%2F%2Fwww.facebook.com%2FElDiarioPopular%2Fvideos%2F10153777827244677%2F&amp;show_text=0&amp;width=560\" width=\"560\" height=\"315\" frameborder=\"0\" scrolling=\"no\" allowfullscreen=\"allowfullscreen\"><\/iframe><\/p>\n","protected":false},"excerpt":{"rendered":"<p>El capit\u00e1n azul dedic\u00f3 palabras para la llegada de Beausejour y record\u00f3 junto a Marco Olea una gran an\u00e9cdota.<\/p>\n","protected":false},"author":65,"featured_media":8659,"comment_status":"closed","ping_status":"open","sticky":false,"template":"","format":"standard","meta":{"footnotes":""},"categories":[18],"tags":[821,41,294],"class_list":{"0":"post-10063","1":"post","2":"type-post","3":"status-publish","4":"format-standard","5":"has-post-thumbnail","7":"category-actualidad","8":"tag-jean-beausejour","9":"tag-johnny-herrera","10":"tag-u-de-chile"},"_links":{"self":[{"href":"http:\/\/www.rincondelbulla.cl\/portal\/wp-json\/wp\/v2\/posts\/10063","targetHints":{"allow":["GET"]}}],"collection":[{"href":"http:\/\/www.rincondelbulla.cl\/portal\/wp-json\/wp\/v2\/posts"}],"about":[{"href":"http:\/\/www.rincondelbulla.cl\/portal\/wp-json\/wp\/v2\/types\/post"}],"author":[{"embeddable":true,"href":"http:\/\/www.rincondelbulla.cl\/portal\/wp-json\/wp\/v2\/users\/65"}],"replies":[{"embeddable":true,"href":"http:\/\/www.rincondelbulla.cl\/portal\/wp-json\/wp\/v2\/comments?post=10063"}],"version-history":[{"count":3,"href":"http:\/\/www.rincondelbulla.cl\/portal\/wp-json\/wp\/v2\/posts\/10063\/revisions"}],"predecessor-version":[{"id":10071,"href":"http:\/\/www.rincondelbulla.cl\/portal\/wp-json\/wp\/v2\/posts\/10063\/revisions\/10071"}],"wp:featuredmedia":[{"embeddable":true,"href":"http:\/\/www.rincondelbulla.cl\/portal\/wp-json\/wp\/v2\/media\/8659"}],"wp:attachment":[{"href":"http:\/\/www.rincondelbulla.cl\/portal\/wp-json\/wp\/v2\/media?parent=10063"}],"wp:term":[{"taxonomy":"category","embeddable":true,"href":"http:\/\/www.rincondelbulla.cl\/portal\/wp-json\/wp\/v2\/categories?post=10063"},{"taxonomy":"post_tag","embeddable":true,"href":"http:\/\/www.rincondelbulla.cl\/portal\/wp-json\/wp\/v2\/tags?post=10063"}],"curies":[{"name":"wp","href":"https:\/\/api.w.org\/{rel}","templated":true}]}}