{"id":10082,"date":"2016-07-19T23:10:47","date_gmt":"2016-07-20T03:10:47","guid":{"rendered":"http:\/\/www.rincondelbulla.cl\/portal\/?p=10082"},"modified":"2016-07-19T23:10:47","modified_gmt":"2016-07-20T03:10:47","slug":"la-portada-del-the-clinic-que-alude-a-la-llegada-de-beausejour-a-la-u","status":"publish","type":"post","link":"http:\/\/www.rincondelbulla.cl\/portal\/2016\/07\/19\/la-portada-del-the-clinic-que-alude-a-la-llegada-de-beausejour-a-la-u\/","title":{"rendered":"La portada del The Clinic que alude a la llegada de Beausejour a la U"},"content":{"rendered":"<p><img loading=\"lazy\" decoding=\"async\" class=\"aligncenter size-full wp-image-10034\" src=\"http:\/\/www.rincondelbulla.cl\/portal\/wp-content\/uploads\/2016\/07\/Jean-Beausejour.jpg\" alt=\"Jean Beausejour\" width=\"900\" height=\"450\" srcset=\"http:\/\/www.rincondelbulla.cl\/portal\/wp-content\/uploads\/2016\/07\/Jean-Beausejour.jpg 900w, http:\/\/www.rincondelbulla.cl\/portal\/wp-content\/uploads\/2016\/07\/Jean-Beausejour-300x150.jpg 300w, http:\/\/www.rincondelbulla.cl\/portal\/wp-content\/uploads\/2016\/07\/Jean-Beausejour-768x384.jpg 768w, http:\/\/www.rincondelbulla.cl\/portal\/wp-content\/uploads\/2016\/07\/Jean-Beausejour-696x348.jpg 696w, http:\/\/www.rincondelbulla.cl\/portal\/wp-content\/uploads\/2016\/07\/Jean-Beausejour-840x420.jpg 840w\" sizes=\"auto, (max-width: 900px) 100vw, 900px\" \/><\/p>\n<p>El semanario The\u00a0Clinic quiso destacar la llegada del Bicampe\u00f3n de Am\u00e9rica con esta llamativa imagen.<!--more--><\/p>\n<p>La llegada de Beausejour a la U ha generado variados comentarios, desde azules que enjuician su paso por Pedrero, otros que celebran su llegada y hay quienes en la vereda contraria no paran de llorara con la partida de uno de sus mejores jugadores.<\/p>\n<p>As\u00ed el semanario The Clinic no quiso quedar ausente de este momento y con esta portada se refiri\u00f3 a la llegada de Beausejour al Rom\u00e1ntico Viajero.<\/p>\n<p>&nbsp;<\/p>\n<p><img loading=\"lazy\" decoding=\"async\" class=\"aligncenter size-full wp-image-10083\" src=\"http:\/\/www.rincondelbulla.cl\/portal\/wp-content\/uploads\/2016\/07\/WhatsApp-Image-20160719.jpeg\" alt=\"WhatsApp-Image-20160719\" width=\"760\" height=\"1280\" srcset=\"http:\/\/www.rincondelbulla.cl\/portal\/wp-content\/uploads\/2016\/07\/WhatsApp-Image-20160719.jpeg 760w, http:\/\/www.rincondelbulla.cl\/portal\/wp-content\/uploads\/2016\/07\/WhatsApp-Image-20160719-178x300.jpeg 178w, http:\/\/www.rincondelbulla.cl\/portal\/wp-content\/uploads\/2016\/07\/WhatsApp-Image-20160719-713x1200.jpeg 713w, http:\/\/www.rincondelbulla.cl\/portal\/wp-content\/uploads\/2016\/07\/WhatsApp-Image-20160719-696x1172.jpeg 696w, http:\/\/www.rincondelbulla.cl\/portal\/wp-content\/uploads\/2016\/07\/WhatsApp-Image-20160719-249x420.jpeg 249w\" sizes=\"auto, (max-width: 760px) 100vw, 760px\" \/><\/p>\n","protected":false},"excerpt":{"rendered":"<p>El semanario The\u00a0Clinic quiso destacar la llegada del Bicampe\u00f3n de Am\u00e9rica con esta llamativa imagen.<\/p>\n","protected":false},"author":56,"featured_media":10034,"comment_status":"closed","ping_status":"open","sticky":false,"template":"","format":"standard","meta":{"footnotes":""},"categories":[18],"tags":[454,157,156],"class_list":{"0":"post-10082","1":"post","2":"type-post","3":"status-publish","4":"format-standard","5":"has-post-thumbnail","7":"category-actualidad","8":"tag-actualidad","9":"tag-portada","10":"tag-universidad-de-chile"},"_links":{"self":[{"href":"http:\/\/www.rincondelbulla.cl\/portal\/wp-json\/wp\/v2\/posts\/10082","targetHints":{"allow":["GET"]}}],"collection":[{"href":"http:\/\/www.rincondelbulla.cl\/portal\/wp-json\/wp\/v2\/posts"}],"about":[{"href":"http:\/\/www.rincondelbulla.cl\/portal\/wp-json\/wp\/v2\/types\/post"}],"author":[{"embeddable":true,"href":"http:\/\/www.rincondelbulla.cl\/portal\/wp-json\/wp\/v2\/users\/56"}],"replies":[{"embeddable":true,"href":"http:\/\/www.rincondelbulla.cl\/portal\/wp-json\/wp\/v2\/comments?post=10082"}],"version-history":[{"count":1,"href":"http:\/\/www.rincondelbulla.cl\/portal\/wp-json\/wp\/v2\/posts\/10082\/revisions"}],"predecessor-version":[{"id":10084,"href":"http:\/\/www.rincondelbulla.cl\/portal\/wp-json\/wp\/v2\/posts\/10082\/revisions\/10084"}],"wp:featuredmedia":[{"embeddable":true,"href":"http:\/\/www.rincondelbulla.cl\/portal\/wp-json\/wp\/v2\/media\/10034"}],"wp:attachment":[{"href":"http:\/\/www.rincondelbulla.cl\/portal\/wp-json\/wp\/v2\/media?parent=10082"}],"wp:term":[{"taxonomy":"category","embeddable":true,"href":"http:\/\/www.rincondelbulla.cl\/portal\/wp-json\/wp\/v2\/categories?post=10082"},{"taxonomy":"post_tag","embeddable":true,"href":"http:\/\/www.rincondelbulla.cl\/portal\/wp-json\/wp\/v2\/tags?post=10082"}],"curies":[{"name":"wp","href":"https:\/\/api.w.org\/{rel}","templated":true}]}}