{"id":10085,"date":"2016-07-20T17:19:10","date_gmt":"2016-07-20T21:19:10","guid":{"rendered":"http:\/\/www.rincondelbulla.cl\/portal\/?p=10085"},"modified":"2016-07-20T17:19:37","modified_gmt":"2016-07-20T21:19:37","slug":"video-beausejour-inicio-las-practicas-y-otro-bicampeon-visito-el-cda","status":"publish","type":"post","link":"http:\/\/www.rincondelbulla.cl\/portal\/2016\/07\/20\/video-beausejour-inicio-las-practicas-y-otro-bicampeon-visito-el-cda\/","title":{"rendered":"VIDEO: Beausejour inici\u00f3 las pr\u00e1cticas y otro Bicampe\u00f3n visit\u00f3 el CDA"},"content":{"rendered":"<p><img loading=\"lazy\" decoding=\"async\" class=\"aligncenter size-full wp-image-10086\" src=\"http:\/\/www.rincondelbulla.cl\/portal\/wp-content\/uploads\/2016\/07\/13717370_1401552033193199_2545226351773927579_o.jpg\" alt=\"Isla CDA\" width=\"1200\" height=\"744\" srcset=\"http:\/\/www.rincondelbulla.cl\/portal\/wp-content\/uploads\/2016\/07\/13717370_1401552033193199_2545226351773927579_o.jpg 1200w, http:\/\/www.rincondelbulla.cl\/portal\/wp-content\/uploads\/2016\/07\/13717370_1401552033193199_2545226351773927579_o-300x186.jpg 300w, http:\/\/www.rincondelbulla.cl\/portal\/wp-content\/uploads\/2016\/07\/13717370_1401552033193199_2545226351773927579_o-768x476.jpg 768w, http:\/\/www.rincondelbulla.cl\/portal\/wp-content\/uploads\/2016\/07\/13717370_1401552033193199_2545226351773927579_o-356x220.jpg 356w, http:\/\/www.rincondelbulla.cl\/portal\/wp-content\/uploads\/2016\/07\/13717370_1401552033193199_2545226351773927579_o-696x432.jpg 696w, http:\/\/www.rincondelbulla.cl\/portal\/wp-content\/uploads\/2016\/07\/13717370_1401552033193199_2545226351773927579_o-1068x662.jpg 1068w, http:\/\/www.rincondelbulla.cl\/portal\/wp-content\/uploads\/2016\/07\/13717370_1401552033193199_2545226351773927579_o-677x420.jpg 677w\" sizes=\"auto, (max-width: 1200px) 100vw, 1200px\" \/><\/p>\n<p><strong>M\u00e1s sopresas han llegado al CDA, a la visita de Charles Ar\u00e1nguiz el d\u00eda martes y la llegada de Jean Beausejour al Rom\u00e1ntico Viajero, otro bicampe\u00f3n de Am\u00e9rica practic\u00f3 junto al equipo de sus amores.<\/strong><!--more--><\/p>\n<p>Hoy fue el turno de Mauricio Isla, quien lleg\u00f3 en horas de la ma\u00f1ana de este mi\u00e9rcoles a realizar el trabajo f\u00edsico junto al plantel de Universidad de Chile.<\/p>\n<p>El Huaso aprovech\u00f3 la oportunidad para referirise al arribo de \u00abPalmatoria\u00bb a la U.<\/p>\n<p><script src=\"http:\/\/player.ooyala.com\/iframe.js#pbid=7c99ff83bbef4ee2b22e2309d0ffa9c5&amp;ec=JlOGl1NDE6MRvgE7Skc34SWwECYRKamu\"><\/script><\/p>\n","protected":false},"excerpt":{"rendered":"<p>M\u00e1s sopresas han llegado al CDA, a la visita de Charles Ar\u00e1nguiz el d\u00eda martes y la llegada de Jean Beausejour al Rom\u00e1ntico Viajero, otro bicampe\u00f3n de Am\u00e9rica practic\u00f3 junto al equipo de sus amores.<\/p>\n","protected":false},"author":56,"featured_media":10086,"comment_status":"closed","ping_status":"open","sticky":false,"template":"","format":"standard","meta":{"footnotes":""},"categories":[18],"tags":[454,828,157,294],"class_list":{"0":"post-10085","1":"post","2":"type-post","3":"status-publish","4":"format-standard","5":"has-post-thumbnail","7":"category-actualidad","8":"tag-actualidad","9":"tag-beausejour","10":"tag-portada","11":"tag-u-de-chile"},"_links":{"self":[{"href":"http:\/\/www.rincondelbulla.cl\/portal\/wp-json\/wp\/v2\/posts\/10085","targetHints":{"allow":["GET"]}}],"collection":[{"href":"http:\/\/www.rincondelbulla.cl\/portal\/wp-json\/wp\/v2\/posts"}],"about":[{"href":"http:\/\/www.rincondelbulla.cl\/portal\/wp-json\/wp\/v2\/types\/post"}],"author":[{"embeddable":true,"href":"http:\/\/www.rincondelbulla.cl\/portal\/wp-json\/wp\/v2\/users\/56"}],"replies":[{"embeddable":true,"href":"http:\/\/www.rincondelbulla.cl\/portal\/wp-json\/wp\/v2\/comments?post=10085"}],"version-history":[{"count":3,"href":"http:\/\/www.rincondelbulla.cl\/portal\/wp-json\/wp\/v2\/posts\/10085\/revisions"}],"predecessor-version":[{"id":10089,"href":"http:\/\/www.rincondelbulla.cl\/portal\/wp-json\/wp\/v2\/posts\/10085\/revisions\/10089"}],"wp:featuredmedia":[{"embeddable":true,"href":"http:\/\/www.rincondelbulla.cl\/portal\/wp-json\/wp\/v2\/media\/10086"}],"wp:attachment":[{"href":"http:\/\/www.rincondelbulla.cl\/portal\/wp-json\/wp\/v2\/media?parent=10085"}],"wp:term":[{"taxonomy":"category","embeddable":true,"href":"http:\/\/www.rincondelbulla.cl\/portal\/wp-json\/wp\/v2\/categories?post=10085"},{"taxonomy":"post_tag","embeddable":true,"href":"http:\/\/www.rincondelbulla.cl\/portal\/wp-json\/wp\/v2\/tags?post=10085"}],"curies":[{"name":"wp","href":"https:\/\/api.w.org\/{rel}","templated":true}]}}