{"id":10150,"date":"2016-07-27T07:38:09","date_gmt":"2016-07-27T11:38:09","guid":{"rendered":"http:\/\/www.rincondelbulla.cl\/portal\/?p=10150"},"modified":"2016-07-27T07:40:56","modified_gmt":"2016-07-27T11:40:56","slug":"zacarias-vuelve-a-estar-cerca-del-cda","status":"publish","type":"post","link":"http:\/\/www.rincondelbulla.cl\/portal\/2016\/07\/27\/zacarias-vuelve-a-estar-cerca-del-cda\/","title":{"rendered":"Zacar\u00edas vuelve a estar cerca del CDA"},"content":{"rendered":"<figure id=\"attachment_10151\" aria-describedby=\"caption-attachment-10151\" style=\"width: 701px\" class=\"wp-caption alignnone\"><img loading=\"lazy\" decoding=\"async\" class=\" wp-image-10151\" src=\"http:\/\/www.rincondelbulla.cl\/portal\/wp-content\/uploads\/2016\/07\/Jonathan-Zacar\u00edas-U.jpg\" alt=\"Lo que parec\u00eda una traspaso fracasado, comenz\u00f3 a tomar fuerza nuevamente la tarde de este martes. Las pr\u00f3ximas horas ser\u00e1n fundamentales. Foto: LaNacion.cl\" width=\"701\" height=\"407\" srcset=\"http:\/\/www.rincondelbulla.cl\/portal\/wp-content\/uploads\/2016\/07\/Jonathan-Zacar\u00edas-U.jpg 620w, http:\/\/www.rincondelbulla.cl\/portal\/wp-content\/uploads\/2016\/07\/Jonathan-Zacar\u00edas-U-300x174.jpg 300w\" sizes=\"auto, (max-width: 701px) 100vw, 701px\" \/><figcaption id=\"caption-attachment-10151\" class=\"wp-caption-text\">Lo que parec\u00eda una traspaso fracasado, comenz\u00f3 a tomar fuerza nuevamente la tarde de este martes. Las pr\u00f3ximas horas ser\u00e1n fundamentales. Foto: LaNacion.cl<\/figcaption><\/figure>\n<p><strong>Tras la casi fallida contrataci\u00f3n del jugador argentino, su representante anunci\u00f3 que se reanudaron las tratativas entre Quilmes y los Azules.<\/strong><!--more--><\/p>\n<p>Hasta este martes por la ma\u00f1ana, confusi\u00f3n rondaba por la llegada del trasandino Jonathan Zacar\u00edas a la \u201cU\u201d. Problemas administrativos y una posible lesi\u00f3n cr\u00f3nica de rodilla, asomaban como las razones que entrampaban su arribo al CDA y la daban por fracasada.<\/p>\n<p>M\u00e1s tarde, se conoci\u00f3 que el conjunto argentino ped\u00eda a los Azules una comisi\u00f3n extra del 15% del trato para el jugador, lo que se sumaba a los US$250 mil que costaba el arribo del lateral. Esto habr\u00eda incomodado a la dirigencia de Azul Azul.<\/p>\n<p>A todo esto se sumar\u00edan dos complicaciones m\u00e1s: desde el \u201cCervecero\u201d ped\u00edan que la \u201cU\u201d pagara el transfer antes del env\u00eda del pase y que el dinero fuera depositado a una cuanta perteneciente a una sociedad externa y no a las arcas de Quilmes. Todo esto daba por hecho que los caminos de Zacar\u00edas y los universitarios no se juntar\u00edan.<\/p>\n<p>Pese a todo esto, el representante del jugador, Rodrigo Vilari\u00f1o, anunci\u00f3 que la tarde de este martes las conversaciones se reanudaron y pidi\u00f3 disculpas por todos los inconvenientes ocurridos. Tomando en cuenta que Zacar\u00edas ya estar\u00eda con los ex\u00e1menes m\u00e9dicos listos y aprobados, durante las pr\u00f3ximas horas se podr\u00eda oficializar su llegada a La Cisterna.<\/p>\n<p>En conversaci\u00f3n con diario La Tercera, el propio Zacar\u00edas asegur\u00f3 <strong>\u201cestoy sorprendido. Esperemos que se solucione todo. Tengo muchas ganas de formar parte de la U, del plantel. Habl\u00e9 con Beccacece, con todos. Quiero ir a la U\u00bb.<\/strong><\/p>\n<p>Sobre las trabas que se le han puesto a su llegada a los azules, el trasandino dijo\u00a0 no estar sorprendido. <strong>\u00abQuilmes ya me ha hecho dos veces. Esperemos que todo se solucione r\u00e1pido. Se est\u00e1 trabajando en eso\u00bb, <\/strong>finaliz\u00f3.<\/p>\n","protected":false},"excerpt":{"rendered":"<p>Tras la casi fallida contrataci\u00f3n del jugador argentino, su representante anunci\u00f3 que se reanudaron las tratativas entre Quilmes y los Azules.<\/p>\n","protected":false},"author":21382,"featured_media":10154,"comment_status":"closed","ping_status":"open","sticky":false,"template":"","format":"standard","meta":{"footnotes":""},"categories":[18],"tags":[454,174,399,845,432,842,157,844,846,537,294,156],"class_list":{"0":"post-10150","1":"post","2":"type-post","3":"status-publish","4":"format-standard","5":"has-post-thumbnail","7":"category-actualidad","8":"tag-actualidad","9":"tag-azul-azul","10":"tag-azules","11":"tag-cervecero","12":"tag-diario-la-tercera","13":"tag-jonathan-zacarias","14":"tag-portada","15":"tag-quilmes","16":"tag-rodrigo-vilarino","17":"tag-sebastian-beccacece","18":"tag-u-de-chile","19":"tag-universidad-de-chile"},"_links":{"self":[{"href":"http:\/\/www.rincondelbulla.cl\/portal\/wp-json\/wp\/v2\/posts\/10150","targetHints":{"allow":["GET"]}}],"collection":[{"href":"http:\/\/www.rincondelbulla.cl\/portal\/wp-json\/wp\/v2\/posts"}],"about":[{"href":"http:\/\/www.rincondelbulla.cl\/portal\/wp-json\/wp\/v2\/types\/post"}],"author":[{"embeddable":true,"href":"http:\/\/www.rincondelbulla.cl\/portal\/wp-json\/wp\/v2\/users\/21382"}],"replies":[{"embeddable":true,"href":"http:\/\/www.rincondelbulla.cl\/portal\/wp-json\/wp\/v2\/comments?post=10150"}],"version-history":[{"count":2,"href":"http:\/\/www.rincondelbulla.cl\/portal\/wp-json\/wp\/v2\/posts\/10150\/revisions"}],"predecessor-version":[{"id":10155,"href":"http:\/\/www.rincondelbulla.cl\/portal\/wp-json\/wp\/v2\/posts\/10150\/revisions\/10155"}],"wp:featuredmedia":[{"embeddable":true,"href":"http:\/\/www.rincondelbulla.cl\/portal\/wp-json\/wp\/v2\/media\/10154"}],"wp:attachment":[{"href":"http:\/\/www.rincondelbulla.cl\/portal\/wp-json\/wp\/v2\/media?parent=10150"}],"wp:term":[{"taxonomy":"category","embeddable":true,"href":"http:\/\/www.rincondelbulla.cl\/portal\/wp-json\/wp\/v2\/categories?post=10150"},{"taxonomy":"post_tag","embeddable":true,"href":"http:\/\/www.rincondelbulla.cl\/portal\/wp-json\/wp\/v2\/tags?post=10150"}],"curies":[{"name":"wp","href":"https:\/\/api.w.org\/{rel}","templated":true}]}}