{"id":10180,"date":"2016-08-04T16:31:25","date_gmt":"2016-08-04T20:31:25","guid":{"rendered":"http:\/\/www.rincondelbulla.cl\/portal\/?p=10180"},"modified":"2016-08-04T16:31:25","modified_gmt":"2016-08-04T20:31:25","slug":"felipe-mora-todo-el-mundo-espera-que-haga-goles","status":"publish","type":"post","link":"http:\/\/www.rincondelbulla.cl\/portal\/2016\/08\/04\/felipe-mora-todo-el-mundo-espera-que-haga-goles\/","title":{"rendered":"Felipe Mora \u00abTodo el mundo espera que haga goles\u00bb"},"content":{"rendered":"<figure id=\"attachment_9993\" aria-describedby=\"caption-attachment-9993\" style=\"width: 790px\" class=\"wp-caption alignnone\"><img loading=\"lazy\" decoding=\"async\" class=\"size-full wp-image-9993\" src=\"http:\/\/www.rincondelbulla.cl\/portal\/wp-content\/uploads\/2016\/07\/thumb__M8A9284_1024.jpg\" alt=\"Foto: Claudio C\u00e1ceres Rinc\u00f3n del Bulla\" width=\"790\" height=\"526\" srcset=\"http:\/\/www.rincondelbulla.cl\/portal\/wp-content\/uploads\/2016\/07\/thumb__M8A9284_1024.jpg 790w, http:\/\/www.rincondelbulla.cl\/portal\/wp-content\/uploads\/2016\/07\/thumb__M8A9284_1024-300x200.jpg 300w, http:\/\/www.rincondelbulla.cl\/portal\/wp-content\/uploads\/2016\/07\/thumb__M8A9284_1024-768x511.jpg 768w, http:\/\/www.rincondelbulla.cl\/portal\/wp-content\/uploads\/2016\/07\/thumb__M8A9284_1024-696x463.jpg 696w, http:\/\/www.rincondelbulla.cl\/portal\/wp-content\/uploads\/2016\/07\/thumb__M8A9284_1024-631x420.jpg 631w\" sizes=\"auto, (max-width: 790px) 100vw, 790px\" \/><figcaption id=\"caption-attachment-9993\" class=\"wp-caption-text\">Foto: Claudio C\u00e1ceres Rinc\u00f3n del Bulla<\/figcaption><\/figure>\n<p><strong>Felipe Mora sinti\u00f3 que en el partido frente a Waderers \u201cQuedamos muy desequilibrados en ofensiva, nos falt\u00f3 terminar la jugada\u201d, de esta forma el delantero formado en Audax Italiano comienza la autocr\u00edtica azul.<\/strong><!--more--><\/p>\n<p><strong>La presi\u00f3n<\/strong> \u00abLa presi\u00f3n siempre est\u00e1 en un club como la U. Pero me la tomo con tranquilidad y ojal\u00e1 pueda hacer goles este fin de semana. S\u00e9 que los ojos estar\u00e1n puestos sobre m\u00ed, pero necesitamos ganar\u00bb<\/p>\n<p><strong>Convicci\u00f3n<\/strong> \u00abVen\u00edamos de partidos muy buenos en la preparaci\u00f3n, lamentablemente no tuvimos un buen inicio de campeonato, pero lo vamos revertir como grupo. No se cambia de la noche a la ma\u00f1ana las cosas malas, tenemos la convicci\u00f3n que los resultados van a venir\u00bb<\/p>\n<p><strong>El 9 del equipo<\/strong> \u00abCreo que he hecho las cosas bien y me lo tomo con tranquilidad. No me queda m\u00e1s que trabajar para tener el puesto. No es una carga para m\u00ed, debo ponerme las metas personales\u00bb,<\/p>\n<p><strong>El pr\u00f3ximo duelo<\/strong> \u00abLa semana ha sido tranquila. Vimos los errores que cometimos ante Wanderers, pero sabemos que sacaremos esto adelante. Esperamos en la segunda fecha que llegue el triunfo\u00bb<\/p>\n","protected":false},"excerpt":{"rendered":"<p>Felipe Mora sinti\u00f3 que en el partido frente a Waderers \u201cQuedamos muy desequilibrados en ofensiva, nos falt\u00f3 terminar la jugada\u201d, de esta forma el delantero formado en Audax Italiano comienza la autocr\u00edtica azul.<\/p>\n","protected":false},"author":21381,"featured_media":9993,"comment_status":"closed","ping_status":"open","sticky":false,"template":"","format":"standard","meta":{"footnotes":""},"categories":[18],"tags":[209,539],"class_list":{"0":"post-10180","1":"post","2":"type-post","3":"status-publish","4":"format-standard","5":"has-post-thumbnail","7":"category-actualidad","8":"tag-conferencia-de-prensa","9":"tag-felipe-mora"},"_links":{"self":[{"href":"http:\/\/www.rincondelbulla.cl\/portal\/wp-json\/wp\/v2\/posts\/10180","targetHints":{"allow":["GET"]}}],"collection":[{"href":"http:\/\/www.rincondelbulla.cl\/portal\/wp-json\/wp\/v2\/posts"}],"about":[{"href":"http:\/\/www.rincondelbulla.cl\/portal\/wp-json\/wp\/v2\/types\/post"}],"author":[{"embeddable":true,"href":"http:\/\/www.rincondelbulla.cl\/portal\/wp-json\/wp\/v2\/users\/21381"}],"replies":[{"embeddable":true,"href":"http:\/\/www.rincondelbulla.cl\/portal\/wp-json\/wp\/v2\/comments?post=10180"}],"version-history":[{"count":1,"href":"http:\/\/www.rincondelbulla.cl\/portal\/wp-json\/wp\/v2\/posts\/10180\/revisions"}],"predecessor-version":[{"id":10181,"href":"http:\/\/www.rincondelbulla.cl\/portal\/wp-json\/wp\/v2\/posts\/10180\/revisions\/10181"}],"wp:featuredmedia":[{"embeddable":true,"href":"http:\/\/www.rincondelbulla.cl\/portal\/wp-json\/wp\/v2\/media\/9993"}],"wp:attachment":[{"href":"http:\/\/www.rincondelbulla.cl\/portal\/wp-json\/wp\/v2\/media?parent=10180"}],"wp:term":[{"taxonomy":"category","embeddable":true,"href":"http:\/\/www.rincondelbulla.cl\/portal\/wp-json\/wp\/v2\/categories?post=10180"},{"taxonomy":"post_tag","embeddable":true,"href":"http:\/\/www.rincondelbulla.cl\/portal\/wp-json\/wp\/v2\/tags?post=10180"}],"curies":[{"name":"wp","href":"https:\/\/api.w.org\/{rel}","templated":true}]}}