{"id":10186,"date":"2016-08-05T13:05:22","date_gmt":"2016-08-05T17:05:22","guid":{"rendered":"http:\/\/www.rincondelbulla.cl\/portal\/?p=10186"},"modified":"2016-08-05T13:05:22","modified_gmt":"2016-08-05T17:05:22","slug":"la-cantera-azul-lista-para-el-inicio-del-segundo-semestre","status":"publish","type":"post","link":"http:\/\/www.rincondelbulla.cl\/portal\/2016\/08\/05\/la-cantera-azul-lista-para-el-inicio-del-segundo-semestre\/","title":{"rendered":"La cantera azul lista para el inicio del segundo semestre"},"content":{"rendered":"<p><img loading=\"lazy\" decoding=\"async\" class=\"aligncenter size-full wp-image-10187\" src=\"http:\/\/www.rincondelbulla.cl\/portal\/wp-content\/uploads\/2016\/08\/Formativo.jpg\" alt=\"Formativo\" width=\"800\" height=\"455\" srcset=\"http:\/\/www.rincondelbulla.cl\/portal\/wp-content\/uploads\/2016\/08\/Formativo.jpg 800w, http:\/\/www.rincondelbulla.cl\/portal\/wp-content\/uploads\/2016\/08\/Formativo-300x171.jpg 300w, http:\/\/www.rincondelbulla.cl\/portal\/wp-content\/uploads\/2016\/08\/Formativo-768x437.jpg 768w, http:\/\/www.rincondelbulla.cl\/portal\/wp-content\/uploads\/2016\/08\/Formativo-696x396.jpg 696w, http:\/\/www.rincondelbulla.cl\/portal\/wp-content\/uploads\/2016\/08\/Formativo-738x420.jpg 738w\" sizes=\"auto, (max-width: 800px) 100vw, 800px\" \/><\/p>\n<p>&nbsp;<\/p>\n<p><strong>No s\u00f3lo el primer equipo vuelve a las canchas este fin de semana, ya que aparte del duelo <\/strong><strong>entre Universidad de Chile y Deportes Antofagasta el d\u00eda s\u00e1bado a las 18.00 en el estadio<\/strong><strong>Nacional, las series menores azules tambi\u00e9n entran en competencia.<\/strong><!--more--><\/p>\n<p><strong>Por Carlos Lizana<\/strong><\/p>\n<p>Es as\u00ed como las divisiones menores laicas comenzar\u00e1n a rodar la pelota en lo que ser\u00e1 el segundo semestre del 2016. Algunos de los duelos se jugar\u00e1n el d\u00eda s\u00e1bado, destacando que durante este d\u00eda las divisiones azules jugar\u00e1n de local en el CDA.<\/p>\n<p><strong>Duelos a jugar s\u00e1bado 6 de agosto<\/strong>:<\/p>\n<p>12.30 Sub 15 v\/s San Antonio<\/p>\n<p>13.30 Sub 11 v\/s Cobreloa<\/p>\n<p>14.50 Sub 12 v\/s Cobreloa<\/p>\n<p>Mientras que el d\u00eda domingo se jugar\u00e1n el grueso de los partidos, donde la mayor\u00eda, las divisiones azules jugar\u00e1n de forasteros.<\/p>\n<p><strong>Duelos a jugar domingo 7 de agosto<\/strong>:<\/p>\n<p>9.30 Sub 13 v\/s Cobreloa, Estadio Gasco<\/p>\n<p>10.30 Sub 16 v\/s San Antonio, CDA<\/p>\n<p>10.30 Juvenil v\/s San Antonio, Estadio Municipal de San Antonio<\/p>\n<p>11.10 Sub 14 v\/s Cobreloa, Estadio Gasco<\/p>\n<p>12.30 Sub 17 v\/s San Antonio, Estadio Municipal de San Antonio<\/p>\n<p>Esperamos que a nuestras divisiones menores empiecen con el pi\u00e9 derecho en este segundo semestre, al igual que el elenco de Beccacece el s\u00e1bado en el Nacional,<strong> \u00a1Vamos Leones!<\/strong><\/p>\n","protected":false},"excerpt":{"rendered":"<p>&nbsp; No s\u00f3lo el primer equipo vuelve a las canchas este fin de semana, ya que aparte del duelo entre Universidad de Chile y Deportes Antofagasta el d\u00eda s\u00e1bado a las 18.00 en el estadioNacional, las series menores azules tambi\u00e9n entran en competencia.<\/p>\n","protected":false},"author":56,"featured_media":10187,"comment_status":"closed","ping_status":"open","sticky":false,"template":"","format":"standard","meta":{"footnotes":""},"categories":[18],"tags":[454,409,157,156],"class_list":{"0":"post-10186","1":"post","2":"type-post","3":"status-publish","4":"format-standard","5":"has-post-thumbnail","7":"category-actualidad","8":"tag-actualidad","9":"tag-futbol-formativo","10":"tag-portada","11":"tag-universidad-de-chile"},"_links":{"self":[{"href":"http:\/\/www.rincondelbulla.cl\/portal\/wp-json\/wp\/v2\/posts\/10186","targetHints":{"allow":["GET"]}}],"collection":[{"href":"http:\/\/www.rincondelbulla.cl\/portal\/wp-json\/wp\/v2\/posts"}],"about":[{"href":"http:\/\/www.rincondelbulla.cl\/portal\/wp-json\/wp\/v2\/types\/post"}],"author":[{"embeddable":true,"href":"http:\/\/www.rincondelbulla.cl\/portal\/wp-json\/wp\/v2\/users\/56"}],"replies":[{"embeddable":true,"href":"http:\/\/www.rincondelbulla.cl\/portal\/wp-json\/wp\/v2\/comments?post=10186"}],"version-history":[{"count":1,"href":"http:\/\/www.rincondelbulla.cl\/portal\/wp-json\/wp\/v2\/posts\/10186\/revisions"}],"predecessor-version":[{"id":10188,"href":"http:\/\/www.rincondelbulla.cl\/portal\/wp-json\/wp\/v2\/posts\/10186\/revisions\/10188"}],"wp:featuredmedia":[{"embeddable":true,"href":"http:\/\/www.rincondelbulla.cl\/portal\/wp-json\/wp\/v2\/media\/10187"}],"wp:attachment":[{"href":"http:\/\/www.rincondelbulla.cl\/portal\/wp-json\/wp\/v2\/media?parent=10186"}],"wp:term":[{"taxonomy":"category","embeddable":true,"href":"http:\/\/www.rincondelbulla.cl\/portal\/wp-json\/wp\/v2\/categories?post=10186"},{"taxonomy":"post_tag","embeddable":true,"href":"http:\/\/www.rincondelbulla.cl\/portal\/wp-json\/wp\/v2\/tags?post=10186"}],"curies":[{"name":"wp","href":"https:\/\/api.w.org\/{rel}","templated":true}]}}