{"id":10189,"date":"2016-08-05T16:37:01","date_gmt":"2016-08-05T20:37:01","guid":{"rendered":"http:\/\/www.rincondelbulla.cl\/portal\/?p=10189"},"modified":"2016-08-05T16:37:01","modified_gmt":"2016-08-05T20:37:01","slug":"beccacece-y-la-nueva-u-este-grupo-no-tiene-nada-que-ver-con-el-anterior","status":"publish","type":"post","link":"http:\/\/www.rincondelbulla.cl\/portal\/2016\/08\/05\/beccacece-y-la-nueva-u-este-grupo-no-tiene-nada-que-ver-con-el-anterior\/","title":{"rendered":"Beccacece y la nueva U: Este grupo no tiene nada que ver con el anterior"},"content":{"rendered":"<p><img loading=\"lazy\" decoding=\"async\" class=\"alignright size-full wp-image-10190\" src=\"http:\/\/www.rincondelbulla.cl\/portal\/wp-content\/uploads\/2016\/08\/12592356_10208234145984840_7715082894613741567_n.jpg\" alt=\"Beccacece\" width=\"960\" height=\"640\" srcset=\"http:\/\/www.rincondelbulla.cl\/portal\/wp-content\/uploads\/2016\/08\/12592356_10208234145984840_7715082894613741567_n.jpg 960w, http:\/\/www.rincondelbulla.cl\/portal\/wp-content\/uploads\/2016\/08\/12592356_10208234145984840_7715082894613741567_n-300x200.jpg 300w, http:\/\/www.rincondelbulla.cl\/portal\/wp-content\/uploads\/2016\/08\/12592356_10208234145984840_7715082894613741567_n-768x512.jpg 768w, http:\/\/www.rincondelbulla.cl\/portal\/wp-content\/uploads\/2016\/08\/12592356_10208234145984840_7715082894613741567_n-696x464.jpg 696w, http:\/\/www.rincondelbulla.cl\/portal\/wp-content\/uploads\/2016\/08\/12592356_10208234145984840_7715082894613741567_n-630x420.jpg 630w\" sizes=\"auto, (max-width: 960px) 100vw, 960px\" \/><\/p>\n<p><strong>En la tradicional conferencia del viernes, el argentino se refiri\u00f3 al pr\u00f3ximo duelo de la U, los refuerzos y lo que espera del grupo.<\/strong><\/p>\n<p><!--more--><\/p>\n<p>Dejando atr\u00e1s el mal partido jugado contra Wanderers el DT podr\u00eda cambiar algunas piezas para lograr un triunfo que es lo que todos necesitan.<\/p>\n<p><strong>La nueva U:<\/strong>\u00a0Estoy conforme con el plantel, nosotros nos centramos en el d\u00eda a d\u00eda. En cada entrenamiento hay un clima optimo, la cr\u00edtica es normal pero tenemos convicci\u00f3n. Hemos transitado d\u00edas con mucha nobleza y serenidad, este grupo no tiene nada que ver con el anterior.<\/p>\n<p><strong>Antofagasta:\u00a0<\/strong>Esperamos un rival que va replegar sus lineas, va defender con mucha gente en la linea de la pelota, con mucha velocidad de Harbottle y Castro, va ser similar a Wanderers.<\/p>\n<p><strong>David Pizarro: E<\/strong>s un excelente jugador, me gusta, pero esa zona la tenemos cubierta. Hablamos con otros jugadores de otros puesto, tuvimos conversaciones con Pinilla y Larrondo que no se concretaron pero estamos contentos con nuestro plantel.<\/p>\n<p>La Universidad de Chile recibir\u00e1 al cuadro nortino este s\u00e1bado a las 18:00 horas en el Estadio Nacional en su debut como local.<\/p>\n","protected":false},"excerpt":{"rendered":"<p>En la tradicional conferencia del viernes, el argentino se refiri\u00f3 al pr\u00f3ximo duelo de la U, los refuerzos y lo que espera del grupo.<\/p>\n","protected":false},"author":21383,"featured_media":9479,"comment_status":"closed","ping_status":"open","sticky":false,"template":"","format":"standard","meta":{"footnotes":""},"categories":[18],"tags":[547,157],"class_list":{"0":"post-10189","1":"post","2":"type-post","3":"status-publish","4":"format-standard","5":"has-post-thumbnail","7":"category-actualidad","8":"tag-beccacece","9":"tag-portada"},"_links":{"self":[{"href":"http:\/\/www.rincondelbulla.cl\/portal\/wp-json\/wp\/v2\/posts\/10189","targetHints":{"allow":["GET"]}}],"collection":[{"href":"http:\/\/www.rincondelbulla.cl\/portal\/wp-json\/wp\/v2\/posts"}],"about":[{"href":"http:\/\/www.rincondelbulla.cl\/portal\/wp-json\/wp\/v2\/types\/post"}],"author":[{"embeddable":true,"href":"http:\/\/www.rincondelbulla.cl\/portal\/wp-json\/wp\/v2\/users\/21383"}],"replies":[{"embeddable":true,"href":"http:\/\/www.rincondelbulla.cl\/portal\/wp-json\/wp\/v2\/comments?post=10189"}],"version-history":[{"count":1,"href":"http:\/\/www.rincondelbulla.cl\/portal\/wp-json\/wp\/v2\/posts\/10189\/revisions"}],"predecessor-version":[{"id":10191,"href":"http:\/\/www.rincondelbulla.cl\/portal\/wp-json\/wp\/v2\/posts\/10189\/revisions\/10191"}],"wp:featuredmedia":[{"embeddable":true,"href":"http:\/\/www.rincondelbulla.cl\/portal\/wp-json\/wp\/v2\/media\/9479"}],"wp:attachment":[{"href":"http:\/\/www.rincondelbulla.cl\/portal\/wp-json\/wp\/v2\/media?parent=10189"}],"wp:term":[{"taxonomy":"category","embeddable":true,"href":"http:\/\/www.rincondelbulla.cl\/portal\/wp-json\/wp\/v2\/categories?post=10189"},{"taxonomy":"post_tag","embeddable":true,"href":"http:\/\/www.rincondelbulla.cl\/portal\/wp-json\/wp\/v2\/tags?post=10189"}],"curies":[{"name":"wp","href":"https:\/\/api.w.org\/{rel}","templated":true}]}}