{"id":10200,"date":"2016-08-07T23:16:55","date_gmt":"2016-08-08T03:16:55","guid":{"rendered":"http:\/\/www.rincondelbulla.cl\/portal\/?p=10200"},"modified":"2016-08-07T23:16:55","modified_gmt":"2016-08-08T03:16:55","slug":"marca-personal-no-se-ve-por-donde","status":"publish","type":"post","link":"http:\/\/www.rincondelbulla.cl\/portal\/2016\/08\/07\/marca-personal-no-se-ve-por-donde\/","title":{"rendered":"Marca Personal: No se ve por donde"},"content":{"rendered":"<p><img loading=\"lazy\" decoding=\"async\" class=\"alignnone size-full wp-image-10201\" src=\"http:\/\/www.rincondelbulla.cl\/portal\/wp-content\/uploads\/2016\/08\/marca.jpg\" alt=\"marca\" width=\"2000\" height=\"1333\" srcset=\"http:\/\/www.rincondelbulla.cl\/portal\/wp-content\/uploads\/2016\/08\/marca.jpg 2000w, http:\/\/www.rincondelbulla.cl\/portal\/wp-content\/uploads\/2016\/08\/marca-300x200.jpg 300w, http:\/\/www.rincondelbulla.cl\/portal\/wp-content\/uploads\/2016\/08\/marca-768x512.jpg 768w, http:\/\/www.rincondelbulla.cl\/portal\/wp-content\/uploads\/2016\/08\/marca-1200x800.jpg 1200w, http:\/\/www.rincondelbulla.cl\/portal\/wp-content\/uploads\/2016\/08\/marca-696x464.jpg 696w, http:\/\/www.rincondelbulla.cl\/portal\/wp-content\/uploads\/2016\/08\/marca-1068x712.jpg 1068w, http:\/\/www.rincondelbulla.cl\/portal\/wp-content\/uploads\/2016\/08\/marca-630x420.jpg 630w\" sizes=\"auto, (max-width: 2000px) 100vw, 2000px\" \/><br \/>\n<strong>Sebast\u00edan Beccacece comienza a agotar la poca confianza que ten\u00eda en el parte del directorio y parte de la hinchada azul. Luego del partido frente a Antofagasta la pifiadera fue generalizada y casi no quedan hinchas que a\u00fan apoyen al cuestionado entrenador.<\/strong><!--more--><\/p>\n<p>En el primer tiempo los azules no tuvieron llegadas al arco de los nortinos, no hubieron tiros de distancias, y cada pelota detenida ejecutada por Nicol\u00e1s Maturana no se traduc\u00eda en posibilidades de gol. El reloj corr\u00eda y ni las individualidades ni el juego colectivo aparec\u00eda en el nacional.<br \/>\nEn el segundo tiempo en el minuto 59 los azules se pon\u00edan en ventaja y parec\u00edan de una vez por todas cambiar el rumbo al mandato del rosarino, pero la alegr\u00eda dur\u00f3 poco, y Antofagasta logr\u00f3 el empate frente a una defensa imp\u00e1vida, una vez m\u00e1s. Se termin\u00f3 el encuentro y la paciencia en la hinchada azul, este es el Marca Personal del Rinc\u00f3n Del Bulla:<\/p>\n<p><strong>25.-Johnny Herrera:<\/strong> No tuvo nada que hacer en el gol, y fue exigido poco y nada durante el encuentro. Nota 5.0<\/p>\n<p><strong>4.-Alejandro Contreras: Marc\u00f3 el gol, y se le vio bien quitando balones por la zona derecha, en el segundo tiempo fue lateral y tuvo un correcto cometido. Nota 5.0<\/strong><\/p>\n<p><strong>2.-Crist\u00edan Vilches:<\/strong> Hizo un correcto partido. Nota 4.5<\/p>\n<p><strong>18.-Gonzalo Jara:<\/strong> Antofagasta supo que Jara era la primera salida y la bloquearon de buena manera. Nota 4.5<\/p>\n<p><strong>16.-Matias Rodr\u00edguez:<\/strong> Subi\u00f3 poco en el primer tiempo, no se le vi\u00f3 el nivel de los amistosos de pretemporada. Sali\u00f3 sustituido en el segundo tiempo. Nota 4.0<\/p>\n<p><strong>6.-Sebasti\u00e1n Mart\u00ednez:<\/strong> No puede entender el puesto de volante central, desordenado y lento al momento de entregar el bal\u00f3n. Nota 3.0<\/p>\n<p><strong>22.-Gustavo Lorenzetti:<\/strong> Se le vi\u00f3 con pocas ideas para hilvanar jugadas. Nota 4.0<\/p>\n<p><strong>15.- Jean Beausejour:<\/strong> Derrocha energ\u00eda dentro de la cancha, pero son pocas pelotas las que recibe con ventaja.<\/p>\n<p><strong>10.-Gast\u00f3n Fernandez:<\/strong> a ratos displicente, muy poco comparado a los partidos previos. Nota 3.5<\/p>\n<p><strong>7.-Nicolas Maturana:<\/strong> Se nota que no es puntero, y le cuesta mucho sacar el centro, pese a que por sus pies sali\u00f3 el centro del gol azul. Nota 4.0<\/p>\n<p><strong>9.-Felipe Mora:<\/strong> Es imposible para un delantero generar peligro si es que no le llegan pelotas con ventaja. Nota 4.0<\/p>\n<p><strong>Cambios<\/strong><\/p>\n<p><strong>24.-Mario Brice\u00f1o (46\u2019 por Matias Rodr\u00edguez):<\/strong> Con su ingreso los azules abrieron la cancha y mejoraron en ataque. 5.0<\/p>\n<p><strong>19.-Juan Leiva (62\u2019 por Gustavo Lorenzetti):<\/strong> Muy confuso y con pocas ideas. Nota 3.0<\/p>\n<p><strong>8.- Franz Schultz (75\u2019 por Contreras):<\/strong> Trato de generar jugadas por su banda, sin embargo la buena marca antofagastina le impidi\u00f3 crear. Nota 3.5<\/p>\n","protected":false},"excerpt":{"rendered":"<p>Sebast\u00edan Beccacece comienza a agotar la poca confianza que ten\u00eda en el parte del directorio y parte de la hinchada azul. Luego del partido frente a Antofagasta la pifiadera fue generalizada y casi no quedan hinchas que a\u00fan apoyen al cuestionado entrenador.<\/p>\n","protected":false},"author":21381,"featured_media":10201,"comment_status":"closed","ping_status":"open","sticky":false,"template":"","format":"standard","meta":{"footnotes":""},"categories":[18],"tags":[43,825],"class_list":{"0":"post-10200","1":"post","2":"type-post","3":"status-publish","4":"format-standard","5":"has-post-thumbnail","7":"category-actualidad","8":"tag-marca-personal","9":"tag-torneo-apertura-2016-2017"},"_links":{"self":[{"href":"http:\/\/www.rincondelbulla.cl\/portal\/wp-json\/wp\/v2\/posts\/10200","targetHints":{"allow":["GET"]}}],"collection":[{"href":"http:\/\/www.rincondelbulla.cl\/portal\/wp-json\/wp\/v2\/posts"}],"about":[{"href":"http:\/\/www.rincondelbulla.cl\/portal\/wp-json\/wp\/v2\/types\/post"}],"author":[{"embeddable":true,"href":"http:\/\/www.rincondelbulla.cl\/portal\/wp-json\/wp\/v2\/users\/21381"}],"replies":[{"embeddable":true,"href":"http:\/\/www.rincondelbulla.cl\/portal\/wp-json\/wp\/v2\/comments?post=10200"}],"version-history":[{"count":1,"href":"http:\/\/www.rincondelbulla.cl\/portal\/wp-json\/wp\/v2\/posts\/10200\/revisions"}],"predecessor-version":[{"id":10202,"href":"http:\/\/www.rincondelbulla.cl\/portal\/wp-json\/wp\/v2\/posts\/10200\/revisions\/10202"}],"wp:featuredmedia":[{"embeddable":true,"href":"http:\/\/www.rincondelbulla.cl\/portal\/wp-json\/wp\/v2\/media\/10201"}],"wp:attachment":[{"href":"http:\/\/www.rincondelbulla.cl\/portal\/wp-json\/wp\/v2\/media?parent=10200"}],"wp:term":[{"taxonomy":"category","embeddable":true,"href":"http:\/\/www.rincondelbulla.cl\/portal\/wp-json\/wp\/v2\/categories?post=10200"},{"taxonomy":"post_tag","embeddable":true,"href":"http:\/\/www.rincondelbulla.cl\/portal\/wp-json\/wp\/v2\/tags?post=10200"}],"curies":[{"name":"wp","href":"https:\/\/api.w.org\/{rel}","templated":true}]}}