{"id":10261,"date":"2016-08-19T13:56:08","date_gmt":"2016-08-19T17:56:08","guid":{"rendered":"http:\/\/www.rincondelbulla.cl\/portal\/?p=10261"},"modified":"2016-08-19T13:56:08","modified_gmt":"2016-08-19T17:56:08","slug":"sebastian-beccacece-enfrentamos-lo-que-viene-con-el-optimismo-de-siempre","status":"publish","type":"post","link":"http:\/\/www.rincondelbulla.cl\/portal\/2016\/08\/19\/sebastian-beccacece-enfrentamos-lo-que-viene-con-el-optimismo-de-siempre\/","title":{"rendered":"Sebasti\u00e1n Beccacece: \u00abEnfrentamos lo que viene con el optimismo de siempre\u00bb"},"content":{"rendered":"<figure id=\"attachment_9998\" aria-describedby=\"caption-attachment-9998\" style=\"width: 1086px\" class=\"wp-caption aligncenter\"><img loading=\"lazy\" decoding=\"async\" class=\"size-full wp-image-9998\" src=\"http:\/\/www.rincondelbulla.cl\/portal\/wp-content\/uploads\/2016\/07\/thumb__M8A9269_1024.jpg\" alt=\"Foto: Claudio C\u00e1ceres\" width=\"1086\" height=\"724\" srcset=\"http:\/\/www.rincondelbulla.cl\/portal\/wp-content\/uploads\/2016\/07\/thumb__M8A9269_1024.jpg 1086w, http:\/\/www.rincondelbulla.cl\/portal\/wp-content\/uploads\/2016\/07\/thumb__M8A9269_1024-300x200.jpg 300w, http:\/\/www.rincondelbulla.cl\/portal\/wp-content\/uploads\/2016\/07\/thumb__M8A9269_1024-768x512.jpg 768w, http:\/\/www.rincondelbulla.cl\/portal\/wp-content\/uploads\/2016\/07\/thumb__M8A9269_1024-696x464.jpg 696w, http:\/\/www.rincondelbulla.cl\/portal\/wp-content\/uploads\/2016\/07\/thumb__M8A9269_1024-1068x712.jpg 1068w, http:\/\/www.rincondelbulla.cl\/portal\/wp-content\/uploads\/2016\/07\/thumb__M8A9269_1024-630x420.jpg 630w\" sizes=\"auto, (max-width: 1086px) 100vw, 1086px\" \/><figcaption id=\"caption-attachment-9998\" class=\"wp-caption-text\">Foto: Claudio C\u00e1ceres<\/figcaption><\/figure>\n<p><strong>En la tradicional conferencia del viernes, el estratega azul convers\u00f3 sobre el momento que vive el club y lo que se viene para la Universidad de Chile.<\/strong><\/p>\n<p><!--more--><\/p>\n<p>Tranquilo pero sin confiarse se mostr\u00f3 Sebasti\u00e1n Beccacece hoy en el CDA. Es que claro, viene de ganar tras una senda importante de partidos sin sumar de a tres; pero hoy el desaf\u00edo es otro, sumar dos triunfos al hilo. Y en su camino aparece el siempre dif\u00edcil U. de Concepci\u00f3n.<\/p>\n<p><strong>El\u00a0rival<\/strong>: Es un rival que viene haciendo las cosas bien. Funcionan de memoria y con transiciones veloces. Sin duda es un rival dif\u00edcil.<\/p>\n<p><strong>El momento<\/strong> <strong>azul<\/strong>: Estamos m\u00e1s tranquilos tras la victoria pero hay que seguir. Enfrentamos lo que viene con el optimismo de siempre pese a las adversidades que hemos enfrentado.<\/p>\n<p><strong>El arquero<\/strong>: Johnny sigue en recuperaci\u00f3n. De Paul est\u00e1 de vuelta, pero le falta ponerse a punto, as\u00ed que confiamos en Nelson.<\/p>\n<p><strong>Leiva<\/strong> o <strong>Zacar\u00eda<\/strong>: Juan Leiva sufri\u00f3 una contractura, pero ayer entren\u00f3 normal. Est\u00e1 en condiciones para jugar ma\u00f1ana. Zacar\u00eda es un jugador que aporta mucho en cuanto a actitud y cambio de ritmo.<\/p>\n<p><strong>Las formaciones<\/strong> <strong>de Becca<\/strong>: Cambiamos acorde al que est\u00e9 mejor en el d\u00eda a d\u00eda. Hay equipos que mantienen a los mismo jugadores durante todo el torneo y pierden; u otros que cambian equipo seguido y ganan. Nosotros hemos mantenido a casi el 90% de los jugadores en las tres primeras fechas.<\/p>\n<p><strong>Los chilenos en la Copa<\/strong>: Es muy meritorio lo de Palestino. Los dem\u00e1s, seg\u00fan mi gusto, merecieron un poco m\u00e1s.<\/p>\n","protected":false},"excerpt":{"rendered":"<p>En la tradicional conferencia del viernes, el estratega azul convers\u00f3 sobre el momento que vive el club y lo que se viene para la Universidad de Chile.<\/p>\n","protected":false},"author":21383,"featured_media":8216,"comment_status":"closed","ping_status":"open","sticky":false,"template":"","format":"standard","meta":{"footnotes":""},"categories":[18],"tags":[],"class_list":{"0":"post-10261","1":"post","2":"type-post","3":"status-publish","4":"format-standard","5":"has-post-thumbnail","7":"category-actualidad"},"_links":{"self":[{"href":"http:\/\/www.rincondelbulla.cl\/portal\/wp-json\/wp\/v2\/posts\/10261","targetHints":{"allow":["GET"]}}],"collection":[{"href":"http:\/\/www.rincondelbulla.cl\/portal\/wp-json\/wp\/v2\/posts"}],"about":[{"href":"http:\/\/www.rincondelbulla.cl\/portal\/wp-json\/wp\/v2\/types\/post"}],"author":[{"embeddable":true,"href":"http:\/\/www.rincondelbulla.cl\/portal\/wp-json\/wp\/v2\/users\/21383"}],"replies":[{"embeddable":true,"href":"http:\/\/www.rincondelbulla.cl\/portal\/wp-json\/wp\/v2\/comments?post=10261"}],"version-history":[{"count":1,"href":"http:\/\/www.rincondelbulla.cl\/portal\/wp-json\/wp\/v2\/posts\/10261\/revisions"}],"predecessor-version":[{"id":10263,"href":"http:\/\/www.rincondelbulla.cl\/portal\/wp-json\/wp\/v2\/posts\/10261\/revisions\/10263"}],"wp:featuredmedia":[{"embeddable":true,"href":"http:\/\/www.rincondelbulla.cl\/portal\/wp-json\/wp\/v2\/media\/8216"}],"wp:attachment":[{"href":"http:\/\/www.rincondelbulla.cl\/portal\/wp-json\/wp\/v2\/media?parent=10261"}],"wp:term":[{"taxonomy":"category","embeddable":true,"href":"http:\/\/www.rincondelbulla.cl\/portal\/wp-json\/wp\/v2\/categories?post=10261"},{"taxonomy":"post_tag","embeddable":true,"href":"http:\/\/www.rincondelbulla.cl\/portal\/wp-json\/wp\/v2\/tags?post=10261"}],"curies":[{"name":"wp","href":"https:\/\/api.w.org\/{rel}","templated":true}]}}