{"id":10344,"date":"2016-09-11T16:52:49","date_gmt":"2016-09-11T19:52:49","guid":{"rendered":"http:\/\/www.rincondelbulla.cl\/portal\/?p=10344"},"modified":"2016-09-12T12:09:45","modified_gmt":"2016-09-12T15:09:45","slug":"el-cobre-fue-al-alza-cuando-menos-lo-necesitabamos","status":"publish","type":"post","link":"http:\/\/www.rincondelbulla.cl\/portal\/2016\/09\/11\/el-cobre-fue-al-alza-cuando-menos-lo-necesitabamos\/","title":{"rendered":"El cobre fue al alza cuando menos lo necesitabamos"},"content":{"rendered":"<p><img loading=\"lazy\" decoding=\"async\" class=\"aligncenter size-full wp-image-10353\" src=\"http:\/\/www.rincondelbulla.cl\/portal\/wp-content\/uploads\/2016\/09\/11.jpg\" alt=\"11\" width=\"1000\" height=\"667\" srcset=\"http:\/\/www.rincondelbulla.cl\/portal\/wp-content\/uploads\/2016\/09\/11.jpg 1000w, http:\/\/www.rincondelbulla.cl\/portal\/wp-content\/uploads\/2016\/09\/11-300x200.jpg 300w, http:\/\/www.rincondelbulla.cl\/portal\/wp-content\/uploads\/2016\/09\/11-768x512.jpg 768w, http:\/\/www.rincondelbulla.cl\/portal\/wp-content\/uploads\/2016\/09\/11-696x464.jpg 696w, http:\/\/www.rincondelbulla.cl\/portal\/wp-content\/uploads\/2016\/09\/11-630x420.jpg 630w\" sizes=\"auto, (max-width: 1000px) 100vw, 1000px\" \/><\/p>\n<p><strong>Los azules enfrentaron a Cobresal en el Estadio La Portada de La Serena, por la sexta fecha del campeonato, con la ilusi\u00f3n de retomar el rumbo tras caer en el Cl\u00e1sico Universitario.<\/strong><!--more--><\/p>\n<p>Las cosas no empezaron f\u00e1ciles para los dirigidos del suspendido Sebasti\u00e1n Beccacece \u2013quien vio el encuentro desde una cabina- ya que pasados los dos minutos de juego, una extraordinaria intervenci\u00f3n de Johnny Herrera impidi\u00f3 la apertura de la cuenta por parte del local. Lo que se acrecent\u00f3 en los cinco minutos, cuando tras perderse un gol incre\u00edble solo frente al arco, Felipe Mora sufri\u00f3 un alusi\u00f3n, lo que lo oblig\u00f3 a salir del campo de juego minutos m\u00e1s tarde, dando paso a Mario Brice\u00f1o.<\/p>\n<p>La alegr\u00eda para Cobresal lleg\u00f3 en los 11\u2019, tras una desinteligencia de la saga universitaria, que aprovech\u00f3 Rolando Abarca para disparar al arco y hacer est\u00e9ril la atajada y manotazo de Johnny Herrera, quien no pudo impedir la apertura de la cuenta.<\/p>\n<p>El resto de los minutos del primer tiempo fueron de una constante b\u00fasqueda de la \u201cU\u201d por lograr el empate sin poder conseguirlo. En los 29\u2019 Mario Brice\u00f1o tuvo la mejor opci\u00f3n, pero no pudo conectar el bal\u00f3n cunado el arco minero estaba sin resguardo, tras una excelente llegada de Jean Beausejour por la izquierda. En los 45 minutos, un remate de Fabi\u00e1n Monz\u00f3n se fue por poco desviado del p\u00f3rtico de Sebasti\u00e1n Cuerdo.<\/p>\n<p>En los 48\u2019, un nuevo aviso, tras una buena combinaci\u00f3n entre Gast\u00f3n Fern\u00e1ndez y Nicol\u00e1s Maturana, que termin\u00f3 con la pelota estrellada en el horizontal del Cobresal.<\/p>\n<p>En el minuto 52, tras dudosa infracci\u00f3n penal a Jean Beausejour, Gast\u00f3n Fern\u00e1ndez malogr\u00f3 un tiro penal, luego de querer \u201cpic\u00e1rsela\u201d al portero cuerdo.<\/p>\n<p>Un nuevo error azul permiti\u00f3 al local ampliar la cuenta en los 62. Estando en campo rival, Mat\u00edas Rodr\u00edguez juega atr\u00e1s y le entrega la pelota a Iv\u00e1n Sandoval quien, tras esquivar a Alejandro Contreras, hizo est\u00e9ril la estirada de Herrera y aument\u00f3 el marcador.<\/p>\n<p>En los 67\u2019, Mario Brice\u00f1o desperdici\u00f3 una nueva llegada, tras el achique del arquero local, lo que impidi\u00f3 el empate universitario.<\/p>\n<p>A\u00a0los 80 minutos, la pol\u00e9mica. Tras una serie de rebotes, la pelota entra en el arco de Cobresal, pero el \u00e1rbitro \u00c1ngelo Hermosilla se desentiende de la jugada y no lo valida. En los 86\u2019, un tiro desde afuera del \u00e1rea de Gast\u00f3n Fern\u00e1ndez se fue sobre el travesa\u00f1o.<\/p>\n<p>Lo m\u00e1s pr\u00f3ximo para Universidad de Chile es este jueves 15 de septiembre, en el Estadio Ester Roa rebolledo de Concepci\u00f3n, cuando enfrente el Cl\u00e1sico Universitario por la Supercopa del F\u00fatbol Chileno.<\/p>\n","protected":false},"excerpt":{"rendered":"<p>Los azules enfrentaron a Cobresal en el Estadio La Portada de La Serena, por la sexta fecha del campeonato, con la ilusi\u00f3n de retomar el rumbo tras caer en el Cl\u00e1sico Universitario.<\/p>\n","protected":false},"author":21382,"featured_media":10353,"comment_status":"closed","ping_status":"open","sticky":false,"template":"","format":"standard","meta":{"footnotes":""},"categories":[18],"tags":[454,883,884,885,71,341,880,879,503,555,539,782,882,821,41,504,859,65,559,157,881,537,878,463,825,294,156],"class_list":{"0":"post-10344","1":"post","2":"type-post","3":"status-publish","4":"format-standard","5":"has-post-thumbnail","7":"category-actualidad","8":"tag-actualidad","9":"tag-alejandro-contreras","10":"tag-angelo-hermosilla","11":"tag-arbitro","12":"tag-clasico-universitario","13":"tag-cobresal","14":"tag-concepcion","15":"tag-estadio-ester-roa-rebolledo","16":"tag-estadio-la-portada","17":"tag-fabian-monzon","18":"tag-felipe-mora","19":"tag-gaston-fernandez","20":"tag-ivan-sandoval","21":"tag-jean-beausejour","22":"tag-johnny-herrera","23":"tag-la-serena","24":"tag-mario-briceno","25":"tag-matias-rodriguez","26":"tag-nicolas-maturana","27":"tag-portada","28":"tag-ronaldo-abarca","29":"tag-sebastian-beccacece","30":"tag-sebastian-cuerdo","31":"tag-supercopa-futbol-chileno","32":"tag-torneo-apertura-2016-2017","33":"tag-u-de-chile","34":"tag-universidad-de-chile"},"_links":{"self":[{"href":"http:\/\/www.rincondelbulla.cl\/portal\/wp-json\/wp\/v2\/posts\/10344","targetHints":{"allow":["GET"]}}],"collection":[{"href":"http:\/\/www.rincondelbulla.cl\/portal\/wp-json\/wp\/v2\/posts"}],"about":[{"href":"http:\/\/www.rincondelbulla.cl\/portal\/wp-json\/wp\/v2\/types\/post"}],"author":[{"embeddable":true,"href":"http:\/\/www.rincondelbulla.cl\/portal\/wp-json\/wp\/v2\/users\/21382"}],"replies":[{"embeddable":true,"href":"http:\/\/www.rincondelbulla.cl\/portal\/wp-json\/wp\/v2\/comments?post=10344"}],"version-history":[{"count":2,"href":"http:\/\/www.rincondelbulla.cl\/portal\/wp-json\/wp\/v2\/posts\/10344\/revisions"}],"predecessor-version":[{"id":10354,"href":"http:\/\/www.rincondelbulla.cl\/portal\/wp-json\/wp\/v2\/posts\/10344\/revisions\/10354"}],"wp:featuredmedia":[{"embeddable":true,"href":"http:\/\/www.rincondelbulla.cl\/portal\/wp-json\/wp\/v2\/media\/10353"}],"wp:attachment":[{"href":"http:\/\/www.rincondelbulla.cl\/portal\/wp-json\/wp\/v2\/media?parent=10344"}],"wp:term":[{"taxonomy":"category","embeddable":true,"href":"http:\/\/www.rincondelbulla.cl\/portal\/wp-json\/wp\/v2\/categories?post=10344"},{"taxonomy":"post_tag","embeddable":true,"href":"http:\/\/www.rincondelbulla.cl\/portal\/wp-json\/wp\/v2\/tags?post=10344"}],"curies":[{"name":"wp","href":"https:\/\/api.w.org\/{rel}","templated":true}]}}