{"id":10348,"date":"2016-09-12T00:05:47","date_gmt":"2016-09-12T03:05:47","guid":{"rendered":"http:\/\/www.rincondelbulla.cl\/portal\/?p=10348"},"modified":"2016-09-12T00:05:47","modified_gmt":"2016-09-12T03:05:47","slug":"felipe-mora-fuera-de-la-supercopa","status":"publish","type":"post","link":"http:\/\/www.rincondelbulla.cl\/portal\/2016\/09\/12\/felipe-mora-fuera-de-la-supercopa\/","title":{"rendered":"Felipe Mora fuera de la Supercopa"},"content":{"rendered":"<figure id=\"attachment_10349\" aria-describedby=\"caption-attachment-10349\" style=\"width: 847px\" class=\"wp-caption alignnone\"><img loading=\"lazy\" decoding=\"async\" class=\"size-full wp-image-10349\" src=\"http:\/\/www.rincondelbulla.cl\/portal\/wp-content\/uploads\/2016\/09\/Felipe-Mora-2.jpg\" alt=\"El delantero sufri\u00f3 un esguince de tobillo ene el aprtido disputado este domingo en La Serena. Foto: Agencia Uno\" width=\"847\" height=\"600\" srcset=\"http:\/\/www.rincondelbulla.cl\/portal\/wp-content\/uploads\/2016\/09\/Felipe-Mora-2.jpg 847w, http:\/\/www.rincondelbulla.cl\/portal\/wp-content\/uploads\/2016\/09\/Felipe-Mora-2-300x213.jpg 300w, http:\/\/www.rincondelbulla.cl\/portal\/wp-content\/uploads\/2016\/09\/Felipe-Mora-2-768x544.jpg 768w, http:\/\/www.rincondelbulla.cl\/portal\/wp-content\/uploads\/2016\/09\/Felipe-Mora-2-100x70.jpg 100w, http:\/\/www.rincondelbulla.cl\/portal\/wp-content\/uploads\/2016\/09\/Felipe-Mora-2-696x493.jpg 696w, http:\/\/www.rincondelbulla.cl\/portal\/wp-content\/uploads\/2016\/09\/Felipe-Mora-2-593x420.jpg 593w\" sizes=\"auto, (max-width: 847px) 100vw, 847px\" \/><figcaption id=\"caption-attachment-10349\" class=\"wp-caption-text\">El delantero sufri\u00f3 un esguince de tobillo ene el partido disputado este domingo en La Serena. Foto: Agencia Uno<\/figcaption><\/figure>\n<p><strong>Universidad de Chile se queda sin su principal carta de gol para el partido que se disputar\u00e1 este jueves en Concepci\u00f3n.<\/strong><!--more--><\/p>\n<p style=\"text-align: justify;line-height: 16.6pt;background: white;margin: 0cm 0cm 11.25pt 0cm\"><span style=\"font-size: 11.5pt;font-family: 'Arial',sans-serif;color: #333333\">Un nuevo dolor de cabeza para Sebasti\u00e1n Beccacece es la lesi\u00f3n de Felipe Mora, que lo dejar\u00e1 fuera del partido de definici\u00f3n de la Supercopa, privando a los azules de su referente ofensivo.<\/span><\/p>\n<p style=\"text-align: justify;line-height: 16.6pt;background: white;margin: 0cm 0cm 11.25pt 0cm\"><span style=\"font-size: 11.5pt;font-family: 'Arial',sans-serif;color: #333333\">Mora sali\u00f3 lesionado en el minuto 12 del partido en que la \u201cU\u201d cay\u00f3 derrotado por 2-0 ante Cobresal, en el Estadio La Portada de La Serena.<\/span><\/p>\n<p style=\"text-align: justify;line-height: 16.6pt;background: white;margin: 0cm 0cm 11.25pt 0cm\"><span style=\"font-size: 11.5pt;font-family: 'Arial',sans-serif;color: #333333\">Tras los primeros ex\u00e1menes m\u00e9dicos, se diagnostic\u00f3 que el artillero sufri\u00f3 un esquince de tobillo, lo que le impedir\u00eda disputar el Cl\u00e1sico Universitario de este jueves, dej\u00e1ndolo fuera de las canchas por al menos dos semanas. Esto significar\u00eda adem\u00e1s que Mora no estar\u00eda en el partido de ida ante Deportes Iquique por Copa Chile MTS 2016.<\/span><\/p>\n<p style=\"text-align: justify;line-height: 16.6pt;background: white;margin: 0cm 0cm 11.25pt 0cm\"><span style=\"font-size: 11.5pt;font-family: 'Arial',sans-serif;color: #333333\">Ante la ausencia del delantero, el cuerpo t\u00e9cnico deber\u00e1 buscar una alternativa. A la posibilidad de darle la confianza a un juvenil, no se descarta que Gast\u00f3n Fern\u00e1ndez asuma labores de centro delantero.<\/span><\/p>\n<p style=\"text-align: justify;line-height: 16.6pt;background: white;margin: 0cm 0cm 11.25pt 0cm\"><span style=\"font-size: 11.5pt;font-family: 'Arial',sans-serif;color: #333333\">La definici\u00f3n de la Supercopa del F\u00fatbol Chileno se disputar\u00e1 este 15 de septiembre, desde las 21:00 hrs., en el Estadio Ester Roa Rebolledo de Concepci\u00f3n.<\/span><\/p>\n","protected":false},"excerpt":{"rendered":"<p>Universidad de Chile se queda sin su principal carta de gol para el partido que se disputar\u00e1 este jueves en Concepci\u00f3n.<\/p>\n","protected":false},"author":21382,"featured_media":10350,"comment_status":"closed","ping_status":"open","sticky":false,"template":"","format":"standard","meta":{"footnotes":""},"categories":[18],"tags":[454,71,341,880,864,711,879,503,539,782,504,886,157,537,482,887,294,156],"class_list":{"0":"post-10348","1":"post","2":"type-post","3":"status-publish","4":"format-standard","5":"has-post-thumbnail","7":"category-actualidad","8":"tag-actualidad","9":"tag-clasico-universitario","10":"tag-cobresal","11":"tag-concepcion","12":"tag-copa-chile-mts-2016","13":"tag-deportes-iquique","14":"tag-estadio-ester-roa-rebolledo","15":"tag-estadio-la-portada","16":"tag-felipe-mora","17":"tag-gaston-fernandez","18":"tag-la-serena","19":"tag-lesion-esguince","20":"tag-portada","21":"tag-sebastian-beccacece","22":"tag-supercopa","23":"tag-tobillo","24":"tag-u-de-chile","25":"tag-universidad-de-chile"},"_links":{"self":[{"href":"http:\/\/www.rincondelbulla.cl\/portal\/wp-json\/wp\/v2\/posts\/10348","targetHints":{"allow":["GET"]}}],"collection":[{"href":"http:\/\/www.rincondelbulla.cl\/portal\/wp-json\/wp\/v2\/posts"}],"about":[{"href":"http:\/\/www.rincondelbulla.cl\/portal\/wp-json\/wp\/v2\/types\/post"}],"author":[{"embeddable":true,"href":"http:\/\/www.rincondelbulla.cl\/portal\/wp-json\/wp\/v2\/users\/21382"}],"replies":[{"embeddable":true,"href":"http:\/\/www.rincondelbulla.cl\/portal\/wp-json\/wp\/v2\/comments?post=10348"}],"version-history":[{"count":1,"href":"http:\/\/www.rincondelbulla.cl\/portal\/wp-json\/wp\/v2\/posts\/10348\/revisions"}],"predecessor-version":[{"id":10351,"href":"http:\/\/www.rincondelbulla.cl\/portal\/wp-json\/wp\/v2\/posts\/10348\/revisions\/10351"}],"wp:featuredmedia":[{"embeddable":true,"href":"http:\/\/www.rincondelbulla.cl\/portal\/wp-json\/wp\/v2\/media\/10350"}],"wp:attachment":[{"href":"http:\/\/www.rincondelbulla.cl\/portal\/wp-json\/wp\/v2\/media?parent=10348"}],"wp:term":[{"taxonomy":"category","embeddable":true,"href":"http:\/\/www.rincondelbulla.cl\/portal\/wp-json\/wp\/v2\/categories?post=10348"},{"taxonomy":"post_tag","embeddable":true,"href":"http:\/\/www.rincondelbulla.cl\/portal\/wp-json\/wp\/v2\/tags?post=10348"}],"curies":[{"name":"wp","href":"https:\/\/api.w.org\/{rel}","templated":true}]}}