{"id":10360,"date":"2016-09-14T14:32:34","date_gmt":"2016-09-14T17:32:34","guid":{"rendered":"http:\/\/www.rincondelbulla.cl\/portal\/?p=10360"},"modified":"2016-09-14T14:47:55","modified_gmt":"2016-09-14T17:47:55","slug":"la-previa-una-supercopa-con-sabor-a-revancha","status":"publish","type":"post","link":"http:\/\/www.rincondelbulla.cl\/portal\/2016\/09\/14\/la-previa-una-supercopa-con-sabor-a-revancha\/","title":{"rendered":"La Previa: Una Supercopa con sabor a revancha"},"content":{"rendered":"<p>La previa es presentada por la <em><strong>Fonda La Volaita<\/strong><\/em>.<\/p>\n<figure id=\"attachment_10217\" aria-describedby=\"caption-attachment-10217\" style=\"width: 1100px\" class=\"wp-caption aligncenter\"><img loading=\"lazy\" decoding=\"async\" class=\"wp-image-10217 size-full\" src=\"http:\/\/www.rincondelbulla.cl\/portal\/wp-content\/uploads\/2016\/08\/B4A91661.jpg\" alt=\"equipo 2016\" width=\"1100\" height=\"732\" srcset=\"http:\/\/www.rincondelbulla.cl\/portal\/wp-content\/uploads\/2016\/08\/B4A91661.jpg 1100w, http:\/\/www.rincondelbulla.cl\/portal\/wp-content\/uploads\/2016\/08\/B4A91661-300x200.jpg 300w, http:\/\/www.rincondelbulla.cl\/portal\/wp-content\/uploads\/2016\/08\/B4A91661-768x511.jpg 768w, http:\/\/www.rincondelbulla.cl\/portal\/wp-content\/uploads\/2016\/08\/B4A91661-696x463.jpg 696w, http:\/\/www.rincondelbulla.cl\/portal\/wp-content\/uploads\/2016\/08\/B4A91661-1068x711.jpg 1068w, http:\/\/www.rincondelbulla.cl\/portal\/wp-content\/uploads\/2016\/08\/B4A91661-631x420.jpg 631w\" sizes=\"auto, (max-width: 1100px) 100vw, 1100px\" \/><figcaption id=\"caption-attachment-10217\" class=\"wp-caption-text\">\u00abNo pensamos en otra que cosa que ganar\u00bb, confirm\u00f3 a inicio de semana Lorenzo Reyes.<\/figcaption><\/figure>\n<p><strong>Universidad de Chile y Universidad Cat\u00f3lica jugar\u00e1n ma\u00f1ana a eso de las 21 horas la Supercopa. Los azules vienen de caer en sus \u00faltimos dos duelos y la continuidad del t\u00e9cnico es todo un dilema.\u00a0<\/strong><\/p>\n<p><!--more--><\/p>\n<p>Sebasti\u00e1n Beccacece parece haber colmado la paciencia de varios, tras la derrota frente a Cobresal el domingo pasado.\u00a0Pero el t\u00e9cnico azul podr\u00eda salvarse, al menos por un tiempo m\u00e1s, ganando el cl\u00e1sico universitario de este jueves.<\/p>\n<p>Para ello, ya baraja realizar algunos\u00a0cambios en la oncena titular, que le permitiesen apostar a ganador. En el lugar del lesionado, Felipe Mora, que estar\u00e1 fuera al menos\u00a0dos semanas, ingresar\u00eda Jonathan Zacar\u00eda, acomod\u00e1ndose m\u00e1s como puntero. El trasandino lleg\u00f3 entre pol\u00e9micas, y no ha dado mucho que hablar. \u00bfPodr\u00e1 ser la Supercopa el partido de consolidaci\u00f3n o al menos el camino hacia una titularidad?<\/p>\n<figure id=\"attachment_10366\" aria-describedby=\"caption-attachment-10366\" style=\"width: 210px\" class=\"wp-caption alignright\"><img loading=\"lazy\" decoding=\"async\" class=\"size-medium wp-image-10366\" src=\"http:\/\/www.rincondelbulla.cl\/portal\/wp-content\/uploads\/2016\/09\/1931833_1246358_La_Volaita-210x300.jpg\" alt=\"FONDA LA VOLAITA \/ CENTRO CULTURAL MATUCANA 100 VIERNES 16, S\u00c1BADO 17 Y DOMINGO 18 DE SEPTIEMBRE DESDE LAS 21:00 HRS.\" width=\"210\" height=\"300\" srcset=\"http:\/\/www.rincondelbulla.cl\/portal\/wp-content\/uploads\/2016\/09\/1931833_1246358_La_Volaita-210x300.jpg 210w, http:\/\/www.rincondelbulla.cl\/portal\/wp-content\/uploads\/2016\/09\/1931833_1246358_La_Volaita-295x420.jpg 295w, http:\/\/www.rincondelbulla.cl\/portal\/wp-content\/uploads\/2016\/09\/1931833_1246358_La_Volaita.jpg 500w\" sizes=\"auto, (max-width: 210px) 100vw, 210px\" \/><figcaption id=\"caption-attachment-10366\" class=\"wp-caption-text\">FONDA LA VOLAITA \/ CENTRO CULTURAL MATUCANA 100<br \/>VIERNES 16, S\u00c1BADO 17 Y DOMINGO 18 DE SEPTIEMBRE<br \/>DESDE LAS 21:00 HRS.<\/figcaption><\/figure>\n<p>Otro que podr\u00eda ingresar en el 11 inicial, es Gustavo Lorenzetti. El &#8216;duende&#8217; no ha tenido muchas posibilidades en el nuevo plantel, pero su juego se ha extra\u00f1ado. Algunos hinchas piden su experiencia de retorno\u00a0a la oncena.<\/p>\n<p>El mediocampista, regresar\u00eda\u00a0usando la posici\u00f3n en la cancha de Gast\u00f3n Fern\u00e1ndez, que subir\u00eda un poco acomod\u00e1ndose como &#8216;9&#8217; falso.<\/p>\n<p>Considerando esto, la U buscar\u00eda convertirse en bicampe\u00f3n de la Supercopa con los siguientes jugadores:<\/p>\n<p>Johnny Herrera; Rodr\u00edguez, Contreras, V\u00edlches y Beausejour en fondo; Lorenzo Reyes y Sebasti\u00e1n Mart\u00ednez en el medio, para dejar a Lorenzetti en la creaci\u00f3n; ya en la delantera tomar\u00edan posici\u00f3n Yerko Leiva, Fern\u00e1ndez y Zacar\u00eda.<\/p>\n<p><img loading=\"lazy\" decoding=\"async\" class=\"wp-image-10370 aligncenter\" src=\"http:\/\/www.rincondelbulla.cl\/portal\/wp-content\/uploads\/2016\/09\/11-titular-233x300.png\" alt=\"11-titular\" width=\"332\" height=\"428\" srcset=\"http:\/\/www.rincondelbulla.cl\/portal\/wp-content\/uploads\/2016\/09\/11-titular-233x300.png 233w, http:\/\/www.rincondelbulla.cl\/portal\/wp-content\/uploads\/2016\/09\/11-titular-326x420.png 326w, http:\/\/www.rincondelbulla.cl\/portal\/wp-content\/uploads\/2016\/09\/11-titular.png 338w\" sizes=\"auto, (max-width: 332px) 100vw, 332px\" \/><\/p>\n<p>Recordar que el partido ser\u00e1 a las 21:00 horas del pr\u00f3ximo jueves 15 de septiembre. El encuentro ser\u00e1 transmitido por Canal 13 en la TV Abierta. El \u00e1rbitro ser\u00e1 Jorge Osorio.<\/p>\n<p>&nbsp;<\/p>\n<p>&nbsp;<\/p>\n<p>&nbsp;<\/p>\n<p>&nbsp;<\/p>\n","protected":false},"excerpt":{"rendered":"<p>La previa es presentada por la Fonda La Volaita. Universidad de Chile y Universidad Cat\u00f3lica jugar\u00e1n ma\u00f1ana a eso de las 21 horas la Supercopa. Los azules vienen de caer en sus \u00faltimos dos duelos y la continuidad del t\u00e9cnico es todo un dilema.\u00a0<\/p>\n","protected":false},"author":21383,"featured_media":10217,"comment_status":"closed","ping_status":"open","sticky":false,"template":"","format":"standard","meta":{"footnotes":""},"categories":[18],"tags":[37,157,482],"class_list":{"0":"post-10360","1":"post","2":"type-post","3":"status-publish","4":"format-standard","5":"has-post-thumbnail","7":"category-actualidad","8":"tag-la-previa","9":"tag-portada","10":"tag-supercopa"},"_links":{"self":[{"href":"http:\/\/www.rincondelbulla.cl\/portal\/wp-json\/wp\/v2\/posts\/10360","targetHints":{"allow":["GET"]}}],"collection":[{"href":"http:\/\/www.rincondelbulla.cl\/portal\/wp-json\/wp\/v2\/posts"}],"about":[{"href":"http:\/\/www.rincondelbulla.cl\/portal\/wp-json\/wp\/v2\/types\/post"}],"author":[{"embeddable":true,"href":"http:\/\/www.rincondelbulla.cl\/portal\/wp-json\/wp\/v2\/users\/21383"}],"replies":[{"embeddable":true,"href":"http:\/\/www.rincondelbulla.cl\/portal\/wp-json\/wp\/v2\/comments?post=10360"}],"version-history":[{"count":10,"href":"http:\/\/www.rincondelbulla.cl\/portal\/wp-json\/wp\/v2\/posts\/10360\/revisions"}],"predecessor-version":[{"id":10373,"href":"http:\/\/www.rincondelbulla.cl\/portal\/wp-json\/wp\/v2\/posts\/10360\/revisions\/10373"}],"wp:featuredmedia":[{"embeddable":true,"href":"http:\/\/www.rincondelbulla.cl\/portal\/wp-json\/wp\/v2\/media\/10217"}],"wp:attachment":[{"href":"http:\/\/www.rincondelbulla.cl\/portal\/wp-json\/wp\/v2\/media?parent=10360"}],"wp:term":[{"taxonomy":"category","embeddable":true,"href":"http:\/\/www.rincondelbulla.cl\/portal\/wp-json\/wp\/v2\/categories?post=10360"},{"taxonomy":"post_tag","embeddable":true,"href":"http:\/\/www.rincondelbulla.cl\/portal\/wp-json\/wp\/v2\/tags?post=10360"}],"curies":[{"name":"wp","href":"https:\/\/api.w.org\/{rel}","templated":true}]}}