{"id":10374,"date":"2016-09-14T22:05:16","date_gmt":"2016-09-15T01:05:16","guid":{"rendered":"http:\/\/www.rincondelbulla.cl\/portal\/?p=10374"},"modified":"2016-09-14T22:12:16","modified_gmt":"2016-09-15T01:12:16","slug":"herrera-asume-deuda-deportiva-con-la-gente-y-quiere-ganar-la-supercopa-2016","status":"publish","type":"post","link":"http:\/\/www.rincondelbulla.cl\/portal\/2016\/09\/14\/herrera-asume-deuda-deportiva-con-la-gente-y-quiere-ganar-la-supercopa-2016\/","title":{"rendered":"Herrera asume deuda deportiva con la gente y quiere ganar la Supercopa 2016"},"content":{"rendered":"<p>&nbsp;<\/p>\n<p>&nbsp;<\/p>\n<figure id=\"attachment_10375\" aria-describedby=\"caption-attachment-10375\" style=\"width: 753px\" class=\"wp-caption aligncenter\"><img loading=\"lazy\" decoding=\"async\" class=\"size-full wp-image-10375\" src=\"http:\/\/www.rincondelbulla.cl\/portal\/wp-content\/uploads\/2016\/09\/Supercopa-2016.jpg\" alt=\"Foto: U de Chile\" width=\"753\" height=\"418\" srcset=\"http:\/\/www.rincondelbulla.cl\/portal\/wp-content\/uploads\/2016\/09\/Supercopa-2016.jpg 753w, http:\/\/www.rincondelbulla.cl\/portal\/wp-content\/uploads\/2016\/09\/Supercopa-2016-300x167.jpg 300w, http:\/\/www.rincondelbulla.cl\/portal\/wp-content\/uploads\/2016\/09\/Supercopa-2016-696x385.jpg 696w\" sizes=\"auto, (max-width: 753px) 100vw, 753px\" \/><figcaption id=\"caption-attachment-10375\" class=\"wp-caption-text\">Foto: U de Chile<\/figcaption><\/figure>\n<p><strong>El meta azul reconoci\u00f3 que ganar esta final seria muy importante para tomar confianza respecto al mal momento que vive el Rom\u00e1ntico Viajero.<\/strong><!--more--><\/p>\n<p>Capitanes de la Universidad de Chile y Universidad Cat\u00f3lica, realizaron la tradicional conferencia de prensa en conjunto en la previa del partido que definir\u00e1 al Supercampe\u00f3n del f\u00fatbol chileno 2016.<\/p>\n<p>El capit\u00e1n azul fue claro en se\u00f1alar que este partido es muy importante y que el que gane este trofeo ingresar\u00e1 de una u otra forma en la historia, \u00ab<strong>Nos jugamos una final con Cat\u00f3lica, y somos los \u00faltimos en ganar esa copa. Es una final m\u00e1s, que de una u otra forma, va a quedar igual en la historia. Tenemos las ganas de revertir la mala racha que tenemos hace un tiempo\u00bb, <\/strong>coment\u00f3.<\/p>\n<p>Consultado sobre si este partido marcar\u00e1 una revancha en relaci\u00f3n a la \u00faltima versi\u00f3n del Cl\u00e1sico Universitario donde los azules sufrieron una contundente derrota, Herrera se\u00f1al\u00f3, \u00ab<strong>No s\u00e9 si es una revancha. Todos los partidos son distintos&#8230;Es un partido muy atractivo, es una final y todos la quieren ganar<\/strong>\u00ab.<\/p>\n<p>El \u00abSamurai\u00bb azul reconoci\u00f3 que la U no pasa por un buen momento y agreg\u00f3 que ganar este trofeo nuevamente, podr\u00eda marcar un despegue del equipo, \u00ab<strong>Ser\u00eda muy importante poder ganar, y que el triunfo nos d\u00e9 ese envi\u00f3n an\u00edmico que necesitamos para tomar mas confianza. Como equipo sabemos que tenemos un buen plantel, y no hemos estado a la altura del club. Va a haber un marco precioso, nuestra gente agot\u00f3 las entradas hace rato y est\u00e1 todo dado para que \u00e9ste sea el partido definitivo de nuestro repunte\u00bb.<\/strong><\/p>\n<p>El portero azul no escondi\u00f3 la autocr\u00edtica al actual momento futbol\u00edstico que vive la U y asumi\u00f3 la gran deuda que tienen con mucha gente en la U, aunque resalt\u00f3 que esa deuda es con quienes hicieron las gestiones para conformar el actual plantel, \u00ab<strong>Siento que estamos al debe con mucha gente, sobre todo con quienes hicieron el sacrificio de traer a grandes jugadores. Deber\u00edamos estar peleando los primeros lugares, y somos conscientes de que no estamos como queremos. Tengo la fe intacta, y espero que el partido de ma\u00f1ana sea lo que necesitamos para volver a la pelea\u00bb, <\/strong>concluy\u00f3.<\/p>\n<p>&nbsp;<\/p>\n","protected":false},"excerpt":{"rendered":"<p>&nbsp; &nbsp; El meta azul reconoci\u00f3 que ganar esta final seria muy importante para tomar confianza respecto al mal momento que vive el Rom\u00e1ntico Viajero.<\/p>\n","protected":false},"author":56,"featured_media":9360,"comment_status":"closed","ping_status":"open","sticky":false,"template":"","format":"standard","meta":{"footnotes":""},"categories":[18],"tags":[454,41,482,156],"class_list":{"0":"post-10374","1":"post","2":"type-post","3":"status-publish","4":"format-standard","5":"has-post-thumbnail","7":"category-actualidad","8":"tag-actualidad","9":"tag-johnny-herrera","10":"tag-supercopa","11":"tag-universidad-de-chile"},"_links":{"self":[{"href":"http:\/\/www.rincondelbulla.cl\/portal\/wp-json\/wp\/v2\/posts\/10374","targetHints":{"allow":["GET"]}}],"collection":[{"href":"http:\/\/www.rincondelbulla.cl\/portal\/wp-json\/wp\/v2\/posts"}],"about":[{"href":"http:\/\/www.rincondelbulla.cl\/portal\/wp-json\/wp\/v2\/types\/post"}],"author":[{"embeddable":true,"href":"http:\/\/www.rincondelbulla.cl\/portal\/wp-json\/wp\/v2\/users\/56"}],"replies":[{"embeddable":true,"href":"http:\/\/www.rincondelbulla.cl\/portal\/wp-json\/wp\/v2\/comments?post=10374"}],"version-history":[{"count":4,"href":"http:\/\/www.rincondelbulla.cl\/portal\/wp-json\/wp\/v2\/posts\/10374\/revisions"}],"predecessor-version":[{"id":10379,"href":"http:\/\/www.rincondelbulla.cl\/portal\/wp-json\/wp\/v2\/posts\/10374\/revisions\/10379"}],"wp:featuredmedia":[{"embeddable":true,"href":"http:\/\/www.rincondelbulla.cl\/portal\/wp-json\/wp\/v2\/media\/9360"}],"wp:attachment":[{"href":"http:\/\/www.rincondelbulla.cl\/portal\/wp-json\/wp\/v2\/media?parent=10374"}],"wp:term":[{"taxonomy":"category","embeddable":true,"href":"http:\/\/www.rincondelbulla.cl\/portal\/wp-json\/wp\/v2\/categories?post=10374"},{"taxonomy":"post_tag","embeddable":true,"href":"http:\/\/www.rincondelbulla.cl\/portal\/wp-json\/wp\/v2\/tags?post=10374"}],"curies":[{"name":"wp","href":"https:\/\/api.w.org\/{rel}","templated":true}]}}