{"id":10380,"date":"2016-09-15T23:46:03","date_gmt":"2016-09-16T02:46:03","guid":{"rendered":"http:\/\/www.rincondelbulla.cl\/portal\/?p=10380"},"modified":"2016-09-15T23:46:03","modified_gmt":"2016-09-16T02:46:03","slug":"la-u-se-queda-sin-supercopa","status":"publish","type":"post","link":"http:\/\/www.rincondelbulla.cl\/portal\/2016\/09\/15\/la-u-se-queda-sin-supercopa\/","title":{"rendered":"La U se queda sin Supercopa"},"content":{"rendered":"<figure id=\"attachment_10029\" aria-describedby=\"caption-attachment-10029\" style=\"width: 1000px\" class=\"wp-caption aligncenter\"><img loading=\"lazy\" decoding=\"async\" class=\"wp-image-10029 size-full\" src=\"http:\/\/www.rincondelbulla.cl\/portal\/wp-content\/uploads\/2016\/07\/Vilchez.jpg\" alt=\"Foto: Claudio C\u00e1ceres\" width=\"1000\" height=\"667\" srcset=\"http:\/\/www.rincondelbulla.cl\/portal\/wp-content\/uploads\/2016\/07\/Vilchez.jpg 1000w, http:\/\/www.rincondelbulla.cl\/portal\/wp-content\/uploads\/2016\/07\/Vilchez-300x200.jpg 300w, http:\/\/www.rincondelbulla.cl\/portal\/wp-content\/uploads\/2016\/07\/Vilchez-768x512.jpg 768w, http:\/\/www.rincondelbulla.cl\/portal\/wp-content\/uploads\/2016\/07\/Vilchez-696x464.jpg 696w, http:\/\/www.rincondelbulla.cl\/portal\/wp-content\/uploads\/2016\/07\/Vilchez-630x420.jpg 630w\" sizes=\"auto, (max-width: 1000px) 100vw, 1000px\" \/><figcaption id=\"caption-attachment-10029\" class=\"wp-caption-text\">Foto: Claudio C\u00e1ceres<\/figcaption><\/figure>\n<p><strong>Los azules cayeron por 2-1. Pese a que los goles fueron marcados en la primera parte(Castilo 43&#8242;, Fern\u00e1ndez 44&#8242; y Fuenzalidad 45&#8242;), los dirigidos por Beccacece no pudieron aprovechar la segunda mitad para encontrar la paridad.<\/strong><\/p>\n<p><!--more--><\/p>\n<p>Sin pan ni pedazo. Pese a un gran primer tiempo, en el cual la U domin\u00f3\u00a0las acciones, el finiquito fue todo un tema para los azules. El equipo hizo sentir la presi\u00f3n en tres cuartos de cancha, dejando con poca posesi\u00f3n a los cruzados.<\/p>\n<p>Cuando el primer tiempo parec\u00eda irse, Nicol\u00e1s Castillo aprovechar\u00eda un error defensivo para poner el 1-0. La alegr\u00eda cruzada durar\u00eda poco, ya que uno de los m\u00e1s trascendentales del partido, Gast\u00f3n Fern\u00e1ndez, pondr\u00eda el empate moment\u00e1neo. Solo un minuto m\u00e1s tarde y con otro error en la zaga defensiva de la U, un solitario Fuenzalida pondr\u00eda el 2-1 en favor de la UC.<\/p>\n<p>En el segundo tiempo la Cat\u00f3lica se echar\u00eda atr\u00e1s, defendiendo la ventaja m\u00ednima. Los azules tratar\u00edan de llegar pero el equipo de San Carlos cerrar\u00eda las l\u00edneas bien. La jugada pol\u00e9mica del segundo tiempo llegar\u00eda a los 54&#8242; cuando Zacar\u00eda entrando al \u00e1rea y enganchando, ser\u00eda derribado por Cristi\u00e1n \u00c1lvarez, situaci\u00f3n que el juez Osorio no cobrar\u00eda con la falta penal.<\/p>\n<p>La U seguir\u00eda intentando por las bandas y por el centro pero sin resultados. El ingreso de Maturana por un golpeado Yerko Leiva le dar\u00eda aires frescos al equipo azul, pero no ser\u00eda suficiente.<\/p>\n<p>As\u00ed la Universidad de Chile pierde su tercer partido consecutivo y su segundo con la UC en menos de un mes.<\/p>\n<p>&nbsp;<\/p>\n","protected":false},"excerpt":{"rendered":"<p>Los azules cayeron por 2-1. Pese a que los goles fueron marcados en la primera parte(Castilo 43&#8242;, Fern\u00e1ndez 44&#8242; y Fuenzalidad 45&#8242;), los dirigidos por Beccacece no pudieron aprovechar la segunda mitad para encontrar la paridad.<\/p>\n","protected":false},"author":21383,"featured_media":10333,"comment_status":"closed","ping_status":"open","sticky":false,"template":"","format":"standard","meta":{"footnotes":""},"categories":[18],"tags":[157,482],"class_list":{"0":"post-10380","1":"post","2":"type-post","3":"status-publish","4":"format-standard","5":"has-post-thumbnail","7":"category-actualidad","8":"tag-portada","9":"tag-supercopa"},"_links":{"self":[{"href":"http:\/\/www.rincondelbulla.cl\/portal\/wp-json\/wp\/v2\/posts\/10380","targetHints":{"allow":["GET"]}}],"collection":[{"href":"http:\/\/www.rincondelbulla.cl\/portal\/wp-json\/wp\/v2\/posts"}],"about":[{"href":"http:\/\/www.rincondelbulla.cl\/portal\/wp-json\/wp\/v2\/types\/post"}],"author":[{"embeddable":true,"href":"http:\/\/www.rincondelbulla.cl\/portal\/wp-json\/wp\/v2\/users\/21383"}],"replies":[{"embeddable":true,"href":"http:\/\/www.rincondelbulla.cl\/portal\/wp-json\/wp\/v2\/comments?post=10380"}],"version-history":[{"count":1,"href":"http:\/\/www.rincondelbulla.cl\/portal\/wp-json\/wp\/v2\/posts\/10380\/revisions"}],"predecessor-version":[{"id":10381,"href":"http:\/\/www.rincondelbulla.cl\/portal\/wp-json\/wp\/v2\/posts\/10380\/revisions\/10381"}],"wp:featuredmedia":[{"embeddable":true,"href":"http:\/\/www.rincondelbulla.cl\/portal\/wp-json\/wp\/v2\/media\/10333"}],"wp:attachment":[{"href":"http:\/\/www.rincondelbulla.cl\/portal\/wp-json\/wp\/v2\/media?parent=10380"}],"wp:term":[{"taxonomy":"category","embeddable":true,"href":"http:\/\/www.rincondelbulla.cl\/portal\/wp-json\/wp\/v2\/categories?post=10380"},{"taxonomy":"post_tag","embeddable":true,"href":"http:\/\/www.rincondelbulla.cl\/portal\/wp-json\/wp\/v2\/tags?post=10380"}],"curies":[{"name":"wp","href":"https:\/\/api.w.org\/{rel}","templated":true}]}}