{"id":10409,"date":"2016-09-21T16:03:13","date_gmt":"2016-09-21T19:03:13","guid":{"rendered":"http:\/\/www.rincondelbulla.cl\/portal\/?p=10409"},"modified":"2016-09-21T16:15:06","modified_gmt":"2016-09-21T19:15:06","slug":"habemus-tecnico-una-dupla-historica-en-la-banca-de-la-u","status":"publish","type":"post","link":"http:\/\/www.rincondelbulla.cl\/portal\/2016\/09\/21\/habemus-tecnico-una-dupla-historica-en-la-banca-de-la-u\/","title":{"rendered":"Habemus t\u00e9cnico: Una dupla hist\u00f3rica en la banca de la U"},"content":{"rendered":"<figure id=\"attachment_10410\" aria-describedby=\"caption-attachment-10410\" style=\"width: 900px\" class=\"wp-caption aligncenter\"><img loading=\"lazy\" decoding=\"async\" class=\"size-full wp-image-10410\" src=\"http:\/\/www.rincondelbulla.cl\/portal\/wp-content\/uploads\/2016\/09\/Musrri.jpg\" alt=\"Foto: Google\" width=\"900\" height=\"450\" srcset=\"http:\/\/www.rincondelbulla.cl\/portal\/wp-content\/uploads\/2016\/09\/Musrri.jpg 900w, http:\/\/www.rincondelbulla.cl\/portal\/wp-content\/uploads\/2016\/09\/Musrri-300x150.jpg 300w, http:\/\/www.rincondelbulla.cl\/portal\/wp-content\/uploads\/2016\/09\/Musrri-768x384.jpg 768w, http:\/\/www.rincondelbulla.cl\/portal\/wp-content\/uploads\/2016\/09\/Musrri-696x348.jpg 696w, http:\/\/www.rincondelbulla.cl\/portal\/wp-content\/uploads\/2016\/09\/Musrri-840x420.jpg 840w\" sizes=\"auto, (max-width: 900px) 100vw, 900px\" \/><figcaption id=\"caption-attachment-10410\" class=\"wp-caption-text\">Foto: Google<\/figcaption><\/figure>\n<p><strong>La traum\u00e1tica era de Beccacece lleg\u00f3 a su fin y que mejor quer dos integrantes de la familia azul para remontar este mal momento. Tras una larga negociaci\u00f3n Victor Hugo Casta\u00f1eda y Luis Musrri aceptaron ponerse el buzo de la U.<\/strong><!--more--><\/p>\n<p>Universidad de Chile tiene dupla t\u00e9cnica confirmada, luego que este mi\u00e9rcoles la dirigencia de Azul Azul se reuniera con Casta\u00f1eda y el hist\u00f3rico capit\u00e1n.<\/p>\n<p>En primera instancia las negociaciones se vieron trabadas por los ex jugadores azules ped\u00edan un contrato hasta junio de 2017, lo que en la dirigencia no era bien visto, tomando en cuenta que en un comienzo la dupla cumplir\u00eda la funci\u00f3n de interinato en la banca del Le\u00f3n hasta diciembre de este a\u00f1o.<\/p>\n<p>Sin embargo, durante la tarde de este mi\u00e9rcoles se dio a conocer que ambas llegaron a una acuerdo, los hist\u00f3ricos azules firmar\u00e1n una contrato por tres meses y si el equipo logra clasificar a un torneo internacional, el v\u00ednculo se extender\u00e1 hasta mediados del 2017.<\/p>\n<p>Se sumar\u00e1 a esta dupla el Preparador f\u00edsico <span data-ft=\"{&quot;tn&quot;:&quot;K&quot;}\"><span class=\"UFICommentBody\">Luis Rodon<\/span><\/span>i y el actual preparador de arqueros, Gustavo Flores, quien fuera parte del staff t\u00e9cnico de Sebasti\u00e1n Beccacece.<\/p>\n<p>Una buena noticia para los hinchas azules que por fin, tendremos la oportunidad de ver a dos de la casa al mando del equipo. Bienvenidos y suerte en este camino, Camaradas.<\/p>\n","protected":false},"excerpt":{"rendered":"<p>La traum\u00e1tica era de Beccacece lleg\u00f3 a su fin y que mejor quer dos integrantes de la familia azul para remontar este mal momento. Tras una larga negociaci\u00f3n Victor Hugo Casta\u00f1eda y Luis Musrri aceptaron ponerse el buzo de la U.<\/p>\n","protected":false},"author":56,"featured_media":10410,"comment_status":"closed","ping_status":"open","sticky":false,"template":"","format":"standard","meta":{"footnotes":""},"categories":[18],"tags":[454,70,893,156,894],"class_list":{"0":"post-10409","1":"post","2":"type-post","3":"status-publish","4":"format-standard","5":"has-post-thumbnail","7":"category-actualidad","8":"tag-actualidad","9":"tag-movidas","10":"tag-musrri","11":"tag-universidad-de-chile","12":"tag-vh-castaneda"},"_links":{"self":[{"href":"http:\/\/www.rincondelbulla.cl\/portal\/wp-json\/wp\/v2\/posts\/10409","targetHints":{"allow":["GET"]}}],"collection":[{"href":"http:\/\/www.rincondelbulla.cl\/portal\/wp-json\/wp\/v2\/posts"}],"about":[{"href":"http:\/\/www.rincondelbulla.cl\/portal\/wp-json\/wp\/v2\/types\/post"}],"author":[{"embeddable":true,"href":"http:\/\/www.rincondelbulla.cl\/portal\/wp-json\/wp\/v2\/users\/56"}],"replies":[{"embeddable":true,"href":"http:\/\/www.rincondelbulla.cl\/portal\/wp-json\/wp\/v2\/comments?post=10409"}],"version-history":[{"count":4,"href":"http:\/\/www.rincondelbulla.cl\/portal\/wp-json\/wp\/v2\/posts\/10409\/revisions"}],"predecessor-version":[{"id":10434,"href":"http:\/\/www.rincondelbulla.cl\/portal\/wp-json\/wp\/v2\/posts\/10409\/revisions\/10434"}],"wp:featuredmedia":[{"embeddable":true,"href":"http:\/\/www.rincondelbulla.cl\/portal\/wp-json\/wp\/v2\/media\/10410"}],"wp:attachment":[{"href":"http:\/\/www.rincondelbulla.cl\/portal\/wp-json\/wp\/v2\/media?parent=10409"}],"wp:term":[{"taxonomy":"category","embeddable":true,"href":"http:\/\/www.rincondelbulla.cl\/portal\/wp-json\/wp\/v2\/categories?post=10409"},{"taxonomy":"post_tag","embeddable":true,"href":"http:\/\/www.rincondelbulla.cl\/portal\/wp-json\/wp\/v2\/tags?post=10409"}],"curies":[{"name":"wp","href":"https:\/\/api.w.org\/{rel}","templated":true}]}}