{"id":10417,"date":"2016-09-23T17:20:53","date_gmt":"2016-09-23T20:20:53","guid":{"rendered":"http:\/\/www.rincondelbulla.cl\/portal\/?p=10417"},"modified":"2016-09-23T21:20:22","modified_gmt":"2016-09-24T00:20:22","slug":"fabian-monzon-se-abren-nuevas-posibilidades","status":"publish","type":"post","link":"http:\/\/www.rincondelbulla.cl\/portal\/2016\/09\/23\/fabian-monzon-se-abren-nuevas-posibilidades\/","title":{"rendered":"Fabi\u00e1n Monz\u00f3n: \u00abSe abren nuevas posibilidades\u00bb"},"content":{"rendered":"<p><img loading=\"lazy\" decoding=\"async\" class=\"alignnone size-full wp-image-9621\" src=\"http:\/\/www.rincondelbulla.cl\/portal\/wp-content\/uploads\/2016\/04\/Fabi\u00e1n-Monz\u00f3n.jpg\" alt=\"Fabi\u00e1n Monz\u00f3n\" width=\"960\" height=\"595\" srcset=\"http:\/\/www.rincondelbulla.cl\/portal\/wp-content\/uploads\/2016\/04\/Fabi\u00e1n-Monz\u00f3n.jpg 960w, http:\/\/www.rincondelbulla.cl\/portal\/wp-content\/uploads\/2016\/04\/Fabi\u00e1n-Monz\u00f3n-300x186.jpg 300w, http:\/\/www.rincondelbulla.cl\/portal\/wp-content\/uploads\/2016\/04\/Fabi\u00e1n-Monz\u00f3n-768x476.jpg 768w, http:\/\/www.rincondelbulla.cl\/portal\/wp-content\/uploads\/2016\/04\/Fabi\u00e1n-Monz\u00f3n-356x220.jpg 356w, http:\/\/www.rincondelbulla.cl\/portal\/wp-content\/uploads\/2016\/04\/Fabi\u00e1n-Monz\u00f3n-696x431.jpg 696w, http:\/\/www.rincondelbulla.cl\/portal\/wp-content\/uploads\/2016\/04\/Fabi\u00e1n-Monz\u00f3n-678x420.jpg 678w\" sizes=\"auto, (max-width: 960px) 100vw, 960px\" \/><\/p>\n<p><strong>Con la llegada de la nueva dupla t\u00e9cnica al CDA son varios los que se sienten con m\u00e1s posibilidades de ser parte del once inicial, entre ellos Luciano Fabian Monz\u00f3n, \u00abCon el nuevo cuerpo t\u00e9cnico se abren nuevas posibilidades para todos\u00bb, se\u00f1al\u00f3 el argentino en conferencia de prensa.<\/strong><!--more--><\/p>\n<p><strong>La salida de Beccacece:<\/strong> \u00abFue dif\u00edcil. Una situaci\u00f3n muy complicada para todos, desde los jugadores hasta el cuerpo m\u00e9dico. La llegada de un nuevo entrenador abre nuevas expectativas. Hay que enfocarse hacia adelante\u00bb.<\/p>\n<p><strong>La dupla t\u00e9cnica:<\/strong> \u00abEs bueno que llegue gente identificada. Es importante que lo hagan, y es un momento complicado. Tienen la gran motivaci\u00f3n de estar ac\u00e1, un club que ellos sintieron, que fueron parte, y ahora est\u00e1n de vuelta\u00bb.<\/p>\n<p><strong>Palestino a la vista:\u00a0<\/strong>\u00abHemos tenido poco tiempo para trabajar, pero creo que todos tenemos que ayudar. Hay que adaptarse r\u00e1pido, y eso depende mucho de nosotros. Palestino ser\u00e1 un rival muy complicado\u00bb.<\/p>\n<p><strong>La Polemica de Gustavo Flores:<\/strong> \u00abLo que pensaba lo dijo Gast\u00f3n Fern\u00e1ndez. Fue una situaci\u00f3n que no ten\u00eda que haber surgido. Se habl\u00f3, se solucion\u00f3 y qued\u00f3 en el pasado\u00bb.<\/p>\n<p><strong>Cambio de chip:<\/strong> \u00abHubo una buena charla entre los dirigentes, los referentes y el cuerpo t\u00e9cnico. Cada entrenador trabaja de forma diferente. El PF tambi\u00e9n tiene un punto de vista distinto. Lo que hemos visto ha sido bueno\u00bb.<\/p>\n<p><iframe loading=\"lazy\" style=\"border: none; overflow: hidden;\" src=\"https:\/\/www.facebook.com\/plugins\/video.php?href=https%3A%2F%2Fwww.facebook.com%2Fclubuniversidaddechileoficial%2Fvideos%2F1463042953710773%2F&amp;show_text=0&amp;width=400\" width=\"400\" height=\"400\" frameborder=\"0\" scrolling=\"no\" allowfullscreen=\"allowfullscreen\"><\/iframe><\/p>\n","protected":false},"excerpt":{"rendered":"<p>Con la llegada de la nueva dupla t\u00e9cnica al CDA son varios los que se sienten con m\u00e1s posibilidades de ser parte del once inicial, entre ellos Luciano Fabian Monz\u00f3n, \u00abCon el nuevo cuerpo t\u00e9cnico se abren nuevas posibilidades para todos\u00bb, se\u00f1al\u00f3 el argentino en conferencia de prensa.<\/p>\n","protected":false},"author":21381,"featured_media":9621,"comment_status":"closed","ping_status":"open","sticky":false,"template":"","format":"standard","meta":{"footnotes":""},"categories":[18],"tags":[555,457,825],"class_list":{"0":"post-10417","1":"post","2":"type-post","3":"status-publish","4":"format-standard","5":"has-post-thumbnail","7":"category-actualidad","8":"tag-fabian-monzon","9":"tag-palestino","10":"tag-torneo-apertura-2016-2017"},"_links":{"self":[{"href":"http:\/\/www.rincondelbulla.cl\/portal\/wp-json\/wp\/v2\/posts\/10417","targetHints":{"allow":["GET"]}}],"collection":[{"href":"http:\/\/www.rincondelbulla.cl\/portal\/wp-json\/wp\/v2\/posts"}],"about":[{"href":"http:\/\/www.rincondelbulla.cl\/portal\/wp-json\/wp\/v2\/types\/post"}],"author":[{"embeddable":true,"href":"http:\/\/www.rincondelbulla.cl\/portal\/wp-json\/wp\/v2\/users\/21381"}],"replies":[{"embeddable":true,"href":"http:\/\/www.rincondelbulla.cl\/portal\/wp-json\/wp\/v2\/comments?post=10417"}],"version-history":[{"count":3,"href":"http:\/\/www.rincondelbulla.cl\/portal\/wp-json\/wp\/v2\/posts\/10417\/revisions"}],"predecessor-version":[{"id":10433,"href":"http:\/\/www.rincondelbulla.cl\/portal\/wp-json\/wp\/v2\/posts\/10417\/revisions\/10433"}],"wp:featuredmedia":[{"embeddable":true,"href":"http:\/\/www.rincondelbulla.cl\/portal\/wp-json\/wp\/v2\/media\/9621"}],"wp:attachment":[{"href":"http:\/\/www.rincondelbulla.cl\/portal\/wp-json\/wp\/v2\/media?parent=10417"}],"wp:term":[{"taxonomy":"category","embeddable":true,"href":"http:\/\/www.rincondelbulla.cl\/portal\/wp-json\/wp\/v2\/categories?post=10417"},{"taxonomy":"post_tag","embeddable":true,"href":"http:\/\/www.rincondelbulla.cl\/portal\/wp-json\/wp\/v2\/tags?post=10417"}],"curies":[{"name":"wp","href":"https:\/\/api.w.org\/{rel}","templated":true}]}}