{"id":10419,"date":"2016-09-23T17:43:36","date_gmt":"2016-09-23T20:43:36","guid":{"rendered":"http:\/\/www.rincondelbulla.cl\/portal\/?p=10419"},"modified":"2016-09-23T21:21:15","modified_gmt":"2016-09-24T00:21:15","slug":"los-que-toman-ventaja-con-la-llegada-de-vhc-y-musrri","status":"publish","type":"post","link":"http:\/\/www.rincondelbulla.cl\/portal\/2016\/09\/23\/los-que-toman-ventaja-con-la-llegada-de-vhc-y-musrri\/","title":{"rendered":"Los que toman ventaja con la llegada de VHC y Musrri"},"content":{"rendered":"<figure id=\"attachment_10073\" aria-describedby=\"caption-attachment-10073\" style=\"width: 1086px\" class=\"wp-caption aligncenter\"><img loading=\"lazy\" decoding=\"async\" class=\"wp-image-10073 size-full\" src=\"http:\/\/www.rincondelbulla.cl\/portal\/wp-content\/uploads\/2016\/07\/33.jpg\" alt=\"La U quiere volver al triunfo y este domingo enfrentar\u00e1 a Palestino a las 18:00 horas. Foto: Claudio C\u00e1ceres\" width=\"1086\" height=\"724\" srcset=\"http:\/\/www.rincondelbulla.cl\/portal\/wp-content\/uploads\/2016\/07\/33.jpg 1086w, http:\/\/www.rincondelbulla.cl\/portal\/wp-content\/uploads\/2016\/07\/33-300x200.jpg 300w, http:\/\/www.rincondelbulla.cl\/portal\/wp-content\/uploads\/2016\/07\/33-768x512.jpg 768w, http:\/\/www.rincondelbulla.cl\/portal\/wp-content\/uploads\/2016\/07\/33-696x464.jpg 696w, http:\/\/www.rincondelbulla.cl\/portal\/wp-content\/uploads\/2016\/07\/33-1068x712.jpg 1068w, http:\/\/www.rincondelbulla.cl\/portal\/wp-content\/uploads\/2016\/07\/33-630x420.jpg 630w\" sizes=\"auto, (max-width: 1086px) 100vw, 1086px\" \/><figcaption id=\"caption-attachment-10073\" class=\"wp-caption-text\">La U quiere volver al triunfo y este domingo enfrentar\u00e1 a Palestino a las 18:00 horas. Foto: Claudio C\u00e1ceres<\/figcaption><\/figure>\n<p><strong>Si cuando se dio a conocer la noticia de la salida de Sebasti\u00e1n Beccacece algunos ex jugadores azules a\u00fan ligados al equipo, como Gonzalo Espinoza y Benegas, se mostraron emocionados con una posible segunda oportunidad, hoy se dio a conocer que dentro del mismo plantel actual podr\u00edan reaparecer algunos rezagados.<\/strong><\/p>\n<p><!--more--><\/p>\n<p>Seg\u00fan La Tercera, los principales favorecidos con el cambio de tim\u00f3n en el cuadro azul ser\u00edan dos: <strong>Fabi\u00e1n Monz\u00f3n y Juan Leiva<\/strong>.<\/p>\n<p>El primero, porque gusta en cuanto a su posici\u00f3n y a su habilidad de rematar de lejos, la cual no ha sido aprovechada de momento.<\/p>\n<p>En cuanto a Leiva, tanto V\u00edctor Hugo Casta\u00f1eda como Luis Musrri, conocen ampliamente la primera B y por ende las aptitudes, por ejemplo con que Juan Leiva se desempe\u00f1\u00f3 en su equipo anterior.<\/p>\n<p>A estos se les suma <strong>Mario Brice\u00f1o<\/strong>. El joven delantero, quien recordemos fue sugerido por Musrri cuando era DT de La Serena, podr\u00eda aprovechar la lesi\u00f3n de Felipe Mora y el ser del gusto del t\u00e9cnico, para ganarse un puesto de titular.<\/p>\n<p>Uno que podr\u00eda aparecer tambi\u00e9n y debutar, ser\u00eda <strong>Fernando De Paul,<\/strong> quien seg\u00fan ha trascendido en las \u00faltimas horas, ser\u00eda titular frente a Palestino este domingo.<\/p>\n<p>As\u00ed comienzan a vislumbrarse los primeros cambios en el esquema de la nueva Universidad de Chile.<\/p>\n","protected":false},"excerpt":{"rendered":"<p>Si cuando se dio a conocer la noticia de la salida de Sebasti\u00e1n Beccacece algunos ex jugadores azules a\u00fan ligados al equipo, como Gonzalo Espinoza y Benegas, se mostraron emocionados con una posible segunda oportunidad, hoy se dio a conocer que dentro del mismo plantel actual podr\u00edan reaparecer algunos rezagados.<\/p>\n","protected":false},"author":21383,"featured_media":10051,"comment_status":"closed","ping_status":"open","sticky":false,"template":"","format":"standard","meta":{"footnotes":""},"categories":[18],"tags":[901,893,157],"class_list":{"0":"post-10419","1":"post","2":"type-post","3":"status-publish","4":"format-standard","5":"has-post-thumbnail","7":"category-actualidad","8":"tag-castaneda","9":"tag-musrri","10":"tag-portada"},"_links":{"self":[{"href":"http:\/\/www.rincondelbulla.cl\/portal\/wp-json\/wp\/v2\/posts\/10419","targetHints":{"allow":["GET"]}}],"collection":[{"href":"http:\/\/www.rincondelbulla.cl\/portal\/wp-json\/wp\/v2\/posts"}],"about":[{"href":"http:\/\/www.rincondelbulla.cl\/portal\/wp-json\/wp\/v2\/types\/post"}],"author":[{"embeddable":true,"href":"http:\/\/www.rincondelbulla.cl\/portal\/wp-json\/wp\/v2\/users\/21383"}],"replies":[{"embeddable":true,"href":"http:\/\/www.rincondelbulla.cl\/portal\/wp-json\/wp\/v2\/comments?post=10419"}],"version-history":[{"count":1,"href":"http:\/\/www.rincondelbulla.cl\/portal\/wp-json\/wp\/v2\/posts\/10419\/revisions"}],"predecessor-version":[{"id":10423,"href":"http:\/\/www.rincondelbulla.cl\/portal\/wp-json\/wp\/v2\/posts\/10419\/revisions\/10423"}],"wp:featuredmedia":[{"embeddable":true,"href":"http:\/\/www.rincondelbulla.cl\/portal\/wp-json\/wp\/v2\/media\/10051"}],"wp:attachment":[{"href":"http:\/\/www.rincondelbulla.cl\/portal\/wp-json\/wp\/v2\/media?parent=10419"}],"wp:term":[{"taxonomy":"category","embeddable":true,"href":"http:\/\/www.rincondelbulla.cl\/portal\/wp-json\/wp\/v2\/categories?post=10419"},{"taxonomy":"post_tag","embeddable":true,"href":"http:\/\/www.rincondelbulla.cl\/portal\/wp-json\/wp\/v2\/tags?post=10419"}],"curies":[{"name":"wp","href":"https:\/\/api.w.org\/{rel}","templated":true}]}}