{"id":10420,"date":"2016-09-23T17:45:17","date_gmt":"2016-09-23T20:45:17","guid":{"rendered":"http:\/\/www.rincondelbulla.cl\/portal\/?p=10420"},"modified":"2016-09-23T21:17:31","modified_gmt":"2016-09-24T00:17:31","slug":"las-primeras-palabras-de-v-h-como-tecnico-azul","status":"publish","type":"post","link":"http:\/\/www.rincondelbulla.cl\/portal\/2016\/09\/23\/las-primeras-palabras-de-v-h-como-tecnico-azul\/","title":{"rendered":"Las primeras palabras de V.H. como t\u00e9cnico azul."},"content":{"rendered":"<p><img loading=\"lazy\" decoding=\"async\" class=\"alignnone size-full wp-image-10421\" src=\"http:\/\/www.rincondelbulla.cl\/portal\/wp-content\/uploads\/2016\/09\/victortugo.jpg\" alt=\"victortugo\" width=\"1200\" height=\"675\" srcset=\"http:\/\/www.rincondelbulla.cl\/portal\/wp-content\/uploads\/2016\/09\/victortugo.jpg 1200w, http:\/\/www.rincondelbulla.cl\/portal\/wp-content\/uploads\/2016\/09\/victortugo-300x169.jpg 300w, http:\/\/www.rincondelbulla.cl\/portal\/wp-content\/uploads\/2016\/09\/victortugo-768x432.jpg 768w, http:\/\/www.rincondelbulla.cl\/portal\/wp-content\/uploads\/2016\/09\/victortugo-696x392.jpg 696w, http:\/\/www.rincondelbulla.cl\/portal\/wp-content\/uploads\/2016\/09\/victortugo-1068x601.jpg 1068w, http:\/\/www.rincondelbulla.cl\/portal\/wp-content\/uploads\/2016\/09\/victortugo-747x420.jpg 747w\" sizes=\"auto, (max-width: 1200px) 100vw, 1200px\" \/><br \/>\n<strong>V\u00edctor Hugo Casta\u00f1eda, el flamante nuevo director t\u00e9cnico, dijo sus primeras palabras al canal oficial del club, y calific\u00f3 como un \u201ctremendo desafi\u00f3\u201d su llegada a la U.<\/strong><\/p>\n<p><!--more--><\/p>\n<p><strong>El Desafi\u00f3:<\/strong> \u201cUn tremendo desafi\u00f3, muchas ganas, muchos nerviosismo porque estuve mucho tiempo fuera de santiago, y todo lo que implica la U, es casi como ir conociendo de nuevo todo\u201d.<\/p>\n<p><strong>La llamada:<\/strong> \u201ccuando me llaman para que nos hagamos cargo como cuerpo t\u00e9cnico, porque este es un cuerpo t\u00e9cnico, hablamos entre nosotros, y si la U nos necesita, nosotros tambi\u00e9n necesitamos a la U, y decidimos venir y esperamos que sea por mucho tiempo\u201d.<\/p>\n<p><strong>La\u00a0M\u00edstica\u00a0Azul:<\/strong> \u201cEsperemos que est\u00e1 sea la U del futuro, que sea con esa m\u00edstica rom\u00e1ntica que rodea a la U, que el amor a la camiseta va m\u00e1s all\u00e1 que un resultado puntual\u201d.<\/p>\n<p><strong>Jerarqu\u00eda:<\/strong> \u201cLos jugadores que integran este plantel tienen mucha jerarqu\u00eda, y nosotros solo tenemos que orientarlos a lo que es jugar con esta camiseta, y Lucho, Cristian y yo algo sabemos de lo que es vestirla\u201d.<\/p>\n<p>&nbsp;<\/p>\n<p><script src=\"http:\/\/player.ooyala.com\/iframe.js#pbid=7c99ff83bbef4ee2b22e2309d0ffa9c5&amp;ec=wxcXAyNjE6s0oAJAsa6ZBOyz-pbzxGVL\"><\/script><\/p>\n","protected":false},"excerpt":{"rendered":"<p>V\u00edctor Hugo Casta\u00f1eda, el flamante nuevo director t\u00e9cnico, dijo sus primeras palabras al canal oficial del club, y calific\u00f3 como un \u201ctremendo desafi\u00f3\u201d su llegada a la U.<\/p>\n","protected":false},"author":21381,"featured_media":10421,"comment_status":"closed","ping_status":"open","sticky":false,"template":"","format":"standard","meta":{"footnotes":""},"categories":[18],"tags":[825,902],"class_list":{"0":"post-10420","1":"post","2":"type-post","3":"status-publish","4":"format-standard","5":"has-post-thumbnail","7":"category-actualidad","8":"tag-torneo-apertura-2016-2017","9":"tag-victor-hugo-castaneda"},"_links":{"self":[{"href":"http:\/\/www.rincondelbulla.cl\/portal\/wp-json\/wp\/v2\/posts\/10420","targetHints":{"allow":["GET"]}}],"collection":[{"href":"http:\/\/www.rincondelbulla.cl\/portal\/wp-json\/wp\/v2\/posts"}],"about":[{"href":"http:\/\/www.rincondelbulla.cl\/portal\/wp-json\/wp\/v2\/types\/post"}],"author":[{"embeddable":true,"href":"http:\/\/www.rincondelbulla.cl\/portal\/wp-json\/wp\/v2\/users\/21381"}],"replies":[{"embeddable":true,"href":"http:\/\/www.rincondelbulla.cl\/portal\/wp-json\/wp\/v2\/comments?post=10420"}],"version-history":[{"count":8,"href":"http:\/\/www.rincondelbulla.cl\/portal\/wp-json\/wp\/v2\/posts\/10420\/revisions"}],"predecessor-version":[{"id":10431,"href":"http:\/\/www.rincondelbulla.cl\/portal\/wp-json\/wp\/v2\/posts\/10420\/revisions\/10431"}],"wp:featuredmedia":[{"embeddable":true,"href":"http:\/\/www.rincondelbulla.cl\/portal\/wp-json\/wp\/v2\/media\/10421"}],"wp:attachment":[{"href":"http:\/\/www.rincondelbulla.cl\/portal\/wp-json\/wp\/v2\/media?parent=10420"}],"wp:term":[{"taxonomy":"category","embeddable":true,"href":"http:\/\/www.rincondelbulla.cl\/portal\/wp-json\/wp\/v2\/categories?post=10420"},{"taxonomy":"post_tag","embeddable":true,"href":"http:\/\/www.rincondelbulla.cl\/portal\/wp-json\/wp\/v2\/tags?post=10420"}],"curies":[{"name":"wp","href":"https:\/\/api.w.org\/{rel}","templated":true}]}}