{"id":10435,"date":"2016-09-24T15:12:55","date_gmt":"2016-09-24T18:12:55","guid":{"rendered":"http:\/\/www.rincondelbulla.cl\/portal\/?p=10435"},"modified":"2016-09-24T16:19:51","modified_gmt":"2016-09-24T19:19:51","slug":"la-previa-el-debut-de-una-dupla-historica","status":"publish","type":"post","link":"http:\/\/www.rincondelbulla.cl\/portal\/2016\/09\/24\/la-previa-el-debut-de-una-dupla-historica\/","title":{"rendered":"La Previa: El debut de una dupla hist\u00f3rica"},"content":{"rendered":"<p><img loading=\"lazy\" decoding=\"async\" class=\"aligncenter size-full wp-image-10436\" src=\"http:\/\/www.rincondelbulla.cl\/portal\/wp-content\/uploads\/2016\/09\/WhatsApp-Image-2016-09-24-at-13.07.40.jpeg\" alt=\"whatsapp-image-2016-09-24-at-13-07-40\" width=\"1052\" height=\"592\" srcset=\"http:\/\/www.rincondelbulla.cl\/portal\/wp-content\/uploads\/2016\/09\/WhatsApp-Image-2016-09-24-at-13.07.40.jpeg 1052w, http:\/\/www.rincondelbulla.cl\/portal\/wp-content\/uploads\/2016\/09\/WhatsApp-Image-2016-09-24-at-13.07.40-300x169.jpeg 300w, http:\/\/www.rincondelbulla.cl\/portal\/wp-content\/uploads\/2016\/09\/WhatsApp-Image-2016-09-24-at-13.07.40-768x432.jpeg 768w, http:\/\/www.rincondelbulla.cl\/portal\/wp-content\/uploads\/2016\/09\/WhatsApp-Image-2016-09-24-at-13.07.40-696x392.jpeg 696w, http:\/\/www.rincondelbulla.cl\/portal\/wp-content\/uploads\/2016\/09\/WhatsApp-Image-2016-09-24-at-13.07.40-746x420.jpeg 746w\" sizes=\"auto, (max-width: 1052px) 100vw, 1052px\" \/><\/p>\n<p>L<strong>a nueva dupla t\u00e9cnica, conformada por V\u00edctor Hugo Casta\u00f1eda y Luis Musrri, har\u00e1 su debut oficial este domingo ante Palestino en el<a href=\"http:\/\/coliseonacional.cl\/\"> Estadio Nacional.<\/a><\/strong><!--more--><\/p>\n<p>Por Jos\u00e9 Ojeda (@JOjedaV)<\/p>\n<p>Luego de la salida de Sebasti\u00e1n Beccacece de la escuadra universitaria, Azul-Azul se puso en contacto de inmediato con V\u00edctor Hugo Casta\u00f1eda y Luis Musrri para que se hicieran cargo de la cabina t\u00e9cnica por lo que resta de campeonato. La respuesta de ambos fue un s\u00ed, y pese a que durante este viernes tuvieron su primer acercamiento con el plantel, el domingo deber\u00e1n debutar a cargo de la \u201cU\u201d frente a un complicado Palestino.<\/p>\n<p>La tarea de Casta\u00f1eda y Musrri no ser\u00e1 f\u00e1cil. Bajo su responsabilidad estar\u00e1 un grupo que ha tenido un a\u00f1o para el olvido dentro de la cancha, adem\u00e1s de una serie de problemas que van m\u00e1s all\u00e1 de lo futbol\u00edstico.<\/p>\n<p>Por su parte, el conjunto \u201c\u00e1rabe\u201d no ha logrado grandes resultados en lo que va de torneo, pero se ha destacado por mantener un buen y constante nivel futbol\u00edstico. En lo m\u00e1s cercano, el equipo dirigido por Nicol\u00e1s C\u00f3rdova cay\u00f3 por el partido de ida de octavos de final de la Copa Sudamericana ante Flamengo por 0 a 1.<\/p>\n<p>En la U la mano del nuevo cuerpo t\u00e9cnico se hace notar y es que apenas arribaron al CDA decidieron que s\u00f3lo los jugadores que est\u00e9n al 100 % jugar\u00edan, as\u00ed dos de los damnificados de esta decisi\u00f3n son Johnny Herrera y Jean Beausejour. Tambi\u00e9n asumieron que los minutos exigidos a los juveniles es un tema de suma importancia, ya que los azules tienen un d\u00e9ficit no menor, as\u00ed, Mario Brice\u00f1o saldr\u00e1 beneficiado y ser\u00e1 de la partida este domingo.<br \/>\nPese al poco tiempo de trabajo, VH Casta\u00f1eda y Luis Musrri ya tienen una formaci\u00f3n para el duelo ante los \u00e1rabes. El Rom\u00e1ntico Viajero saltar\u00eda as\u00ed al reducto \u00f1u\u00f1oino: De Paul; Rodr\u00edguez, Vilchez, Contreras y Moz\u00f3n; Reyes, Mart\u00ednez; Maturana, Fern\u00e1ndez, Brice\u00f1o y Zacarias.<\/p>\n<p>El partido se jugar\u00e1 el domingo a las 18:00 horas en el <a href=\"http:\/\/coliseonacional.cl\/\">Estadio Nacional.<\/a> El \u00e1rbitro del compromiso ser\u00e1 Francisco Gilabert. Y podr\u00e1s seguir el minuto a minuto en el Fan Page de Rinc\u00f3n del Bulla.<\/p>\n","protected":false},"excerpt":{"rendered":"<p>La nueva dupla t\u00e9cnica, conformada por V\u00edctor Hugo Casta\u00f1eda y Luis Musrri, har\u00e1 su debut oficial este domingo ante Palestino en el Estadio Nacional.<\/p>\n","protected":false},"author":56,"featured_media":10436,"comment_status":"closed","ping_status":"open","sticky":false,"template":"","format":"standard","meta":{"footnotes":""},"categories":[18],"tags":[454,890,157,156],"class_list":{"0":"post-10435","1":"post","2":"type-post","3":"status-publish","4":"format-standard","5":"has-post-thumbnail","7":"category-actualidad","8":"tag-actualidad","9":"tag-apertura-2016","10":"tag-portada","11":"tag-universidad-de-chile"},"_links":{"self":[{"href":"http:\/\/www.rincondelbulla.cl\/portal\/wp-json\/wp\/v2\/posts\/10435","targetHints":{"allow":["GET"]}}],"collection":[{"href":"http:\/\/www.rincondelbulla.cl\/portal\/wp-json\/wp\/v2\/posts"}],"about":[{"href":"http:\/\/www.rincondelbulla.cl\/portal\/wp-json\/wp\/v2\/types\/post"}],"author":[{"embeddable":true,"href":"http:\/\/www.rincondelbulla.cl\/portal\/wp-json\/wp\/v2\/users\/56"}],"replies":[{"embeddable":true,"href":"http:\/\/www.rincondelbulla.cl\/portal\/wp-json\/wp\/v2\/comments?post=10435"}],"version-history":[{"count":5,"href":"http:\/\/www.rincondelbulla.cl\/portal\/wp-json\/wp\/v2\/posts\/10435\/revisions"}],"predecessor-version":[{"id":10441,"href":"http:\/\/www.rincondelbulla.cl\/portal\/wp-json\/wp\/v2\/posts\/10435\/revisions\/10441"}],"wp:featuredmedia":[{"embeddable":true,"href":"http:\/\/www.rincondelbulla.cl\/portal\/wp-json\/wp\/v2\/media\/10436"}],"wp:attachment":[{"href":"http:\/\/www.rincondelbulla.cl\/portal\/wp-json\/wp\/v2\/media?parent=10435"}],"wp:term":[{"taxonomy":"category","embeddable":true,"href":"http:\/\/www.rincondelbulla.cl\/portal\/wp-json\/wp\/v2\/categories?post=10435"},{"taxonomy":"post_tag","embeddable":true,"href":"http:\/\/www.rincondelbulla.cl\/portal\/wp-json\/wp\/v2\/tags?post=10435"}],"curies":[{"name":"wp","href":"https:\/\/api.w.org\/{rel}","templated":true}]}}