{"id":10477,"date":"2016-10-03T08:48:42","date_gmt":"2016-10-03T11:48:42","guid":{"rendered":"http:\/\/www.rincondelbulla.cl\/portal\/?p=10477"},"modified":"2016-10-03T08:48:42","modified_gmt":"2016-10-03T11:48:42","slug":"el-yo-acuso-de-victor-hugo-somos-los-culpables-de-no-haber-sido-capaces-que-el-equipo-tuviera-reaccion","status":"publish","type":"post","link":"http:\/\/www.rincondelbulla.cl\/portal\/2016\/10\/03\/el-yo-acuso-de-victor-hugo-somos-los-culpables-de-no-haber-sido-capaces-que-el-equipo-tuviera-reaccion\/","title":{"rendered":"El \u201cYo Acuso\u201d de V\u00edctor Hugo: \u201cSomos los culpables de no haber sido capaces que el equipo tuviera reacci\u00f3n\u201d"},"content":{"rendered":"<p><img loading=\"lazy\" decoding=\"async\" class=\"alignnone size-full wp-image-10479\" src=\"http:\/\/www.rincondelbulla.cl\/portal\/wp-content\/uploads\/2016\/10\/V\u00edctor-Hugo-Casta\u00f1eda.jpg\" alt=\"victor-hugo-castaneda\" width=\"2048\" height=\"1365\" srcset=\"http:\/\/www.rincondelbulla.cl\/portal\/wp-content\/uploads\/2016\/10\/V\u00edctor-Hugo-Casta\u00f1eda.jpg 2048w, http:\/\/www.rincondelbulla.cl\/portal\/wp-content\/uploads\/2016\/10\/V\u00edctor-Hugo-Casta\u00f1eda-300x200.jpg 300w, http:\/\/www.rincondelbulla.cl\/portal\/wp-content\/uploads\/2016\/10\/V\u00edctor-Hugo-Casta\u00f1eda-768x512.jpg 768w, http:\/\/www.rincondelbulla.cl\/portal\/wp-content\/uploads\/2016\/10\/V\u00edctor-Hugo-Casta\u00f1eda-1200x800.jpg 1200w, http:\/\/www.rincondelbulla.cl\/portal\/wp-content\/uploads\/2016\/10\/V\u00edctor-Hugo-Casta\u00f1eda-696x464.jpg 696w, http:\/\/www.rincondelbulla.cl\/portal\/wp-content\/uploads\/2016\/10\/V\u00edctor-Hugo-Casta\u00f1eda-1068x712.jpg 1068w, http:\/\/www.rincondelbulla.cl\/portal\/wp-content\/uploads\/2016\/10\/V\u00edctor-Hugo-Casta\u00f1eda-630x420.jpg 630w\" sizes=\"auto, (max-width: 2048px) 100vw, 2048px\" \/><\/p>\n<p><strong>El entrenador azul no tuvo problemas para reconocer las falencias del equipo y destacar el triunfo del rival. No pierde la confianza y cree que los azules sacaran la tarea adelante.<\/strong><!--more--><\/p>\n<p>Cabizbajo lleg\u00f3 a la sala de prensa del Estadio Monumental, se sent\u00f3 y comenz\u00f3 a reconocer que su equipo fue superado y asumi\u00f3 errores en la motivaci\u00f3n al plantel.<\/p>\n<p><strong>\u00abNo estuvimos a la altura. Lo tenemos que reconocer y lo tenemos que asumir, aunque nos duela. Creo que en ning\u00fan momento tuvimos la posibilidad de competir con Colo Colo de igual a igual. Ellos estaban en quinta y nosotros en tercera marcha. Esa es una realidad y listo. Y yo felicito a Colo Colo, jug\u00f3 bien y nosotros fuimos un desastre. Nos ganaron bien\u00bb, <\/strong>declar\u00f3 V\u00edctor Hugo Casta\u00f1eda, quien agreg\u00f3 <strong>\u201cnosotros somos los culpables, como cuerpo t\u00e9cnico, de no haber sido capaces de lograr que el equipo tuviera la reacci\u00f3n que quer\u00edamos\u00bb.<\/strong><\/p>\n<p>En su an\u00e1lisis, el DT azul indic\u00f3 que <strong>\u00abtuvimos un par de posibilidades de ataque y tomamos malas decisiones. Despu\u00e9s del gol, nosotros lo sentimos, Colo Colo tom\u00f3 confianza, se aproxim\u00f3, sin mayores riesgos, creo yo, con pelotas de afuera (\u2026) Tras el entretiempo, que nos est\u00e1bamos acomodando, al minuto nos hacen otro gol. Despu\u00e9s creo que ni siquiera pudimos competir. Colo Colo nos pas\u00f3 por arriba, jug\u00f3 bien y nosotros jugamos mal\u00bb<\/strong><\/p>\n<p>Consultado sobre si existi\u00f3 una falta de actitud del equipo, para enfrentar el encuentro, Casta\u00f1eda asegur\u00f3 que <strong>\u00abla actitud es una palabra muy manoseada\u201d<\/strong> pero reconoci\u00f3 que hubo algo que encendi\u00f3 las alarmas del cuerpo t\u00e9cnico. <strong>\u201cNos preocupa en la forma en que el equipo termin\u00f3, perdi\u00f3. Para nosotros es preocupante. Se puede perder aqu\u00ed, perfectamente, pero quedamos muy preocupados en la forma en que se dio\u00bb, <\/strong>asegur\u00f3.<\/p>\n<p>Pese a l magro diagnostico que dej\u00f3 este Supercl\u00e1sico para su equipo, V\u00edctor Hugo no pierde la fe y asegura que ahora deben levantarse. <strong>\u201cEsta es la \u201cU\u201d y en el f\u00fatbol, los que llevamos a\u00f1os, sabemos que la revancha est\u00e1 a la vuelta de la esquina (\u2026) Sabemos que tenemos que trabajar para tratar de darle las armas para que se puedan desarrollar de la mejor forma posible. Tratar de sacarles el mejor rendimiento\u201d.<\/strong><\/p>\n<p>Finalmente, consultado por el rendimiento individual de Gast\u00f3n Fern\u00e1ndez, el estratega no tuvo tapujos en asegurar <strong>\u201ccreo que hoy d\u00eda uno la verdad es que espera m\u00e1s de jugadores de ese calibre, de ese nombre\u00bb.<\/strong><\/p>\n","protected":false},"excerpt":{"rendered":"<p>El entrenador azul no tuvo problemas para reconocer las falencias del equipo y destacar el triunfo del rival. No pierde la confianza y cree que los azules sacaran la tarea adelante.<\/p>\n","protected":false},"author":21382,"featured_media":10478,"comment_status":"closed","ping_status":"open","sticky":false,"template":"","format":"standard","meta":{"footnotes":""},"categories":[18],"tags":[454,502,488,782,157,44,825,294,156,902],"class_list":{"0":"post-10477","1":"post","2":"type-post","3":"status-publish","4":"format-standard","5":"has-post-thumbnail","7":"category-actualidad","8":"tag-actualidad","9":"tag-colo-colo","10":"tag-estadio-monumental","11":"tag-gaston-fernandez","12":"tag-portada","13":"tag-superclasico","14":"tag-torneo-apertura-2016-2017","15":"tag-u-de-chile","16":"tag-universidad-de-chile","17":"tag-victor-hugo-castaneda"},"_links":{"self":[{"href":"http:\/\/www.rincondelbulla.cl\/portal\/wp-json\/wp\/v2\/posts\/10477","targetHints":{"allow":["GET"]}}],"collection":[{"href":"http:\/\/www.rincondelbulla.cl\/portal\/wp-json\/wp\/v2\/posts"}],"about":[{"href":"http:\/\/www.rincondelbulla.cl\/portal\/wp-json\/wp\/v2\/types\/post"}],"author":[{"embeddable":true,"href":"http:\/\/www.rincondelbulla.cl\/portal\/wp-json\/wp\/v2\/users\/21382"}],"replies":[{"embeddable":true,"href":"http:\/\/www.rincondelbulla.cl\/portal\/wp-json\/wp\/v2\/comments?post=10477"}],"version-history":[{"count":1,"href":"http:\/\/www.rincondelbulla.cl\/portal\/wp-json\/wp\/v2\/posts\/10477\/revisions"}],"predecessor-version":[{"id":10480,"href":"http:\/\/www.rincondelbulla.cl\/portal\/wp-json\/wp\/v2\/posts\/10477\/revisions\/10480"}],"wp:featuredmedia":[{"embeddable":true,"href":"http:\/\/www.rincondelbulla.cl\/portal\/wp-json\/wp\/v2\/media\/10478"}],"wp:attachment":[{"href":"http:\/\/www.rincondelbulla.cl\/portal\/wp-json\/wp\/v2\/media?parent=10477"}],"wp:term":[{"taxonomy":"category","embeddable":true,"href":"http:\/\/www.rincondelbulla.cl\/portal\/wp-json\/wp\/v2\/categories?post=10477"},{"taxonomy":"post_tag","embeddable":true,"href":"http:\/\/www.rincondelbulla.cl\/portal\/wp-json\/wp\/v2\/tags?post=10477"}],"curies":[{"name":"wp","href":"https:\/\/api.w.org\/{rel}","templated":true}]}}