{"id":10493,"date":"2016-10-03T23:11:19","date_gmt":"2016-10-04T02:11:19","guid":{"rendered":"http:\/\/www.rincondelbulla.cl\/portal\/?p=10493"},"modified":"2016-10-03T23:12:04","modified_gmt":"2016-10-04T02:12:04","slug":"el-termito-lo-que-no-se-vio-en-la-visita-al-monumental","status":"publish","type":"post","link":"http:\/\/www.rincondelbulla.cl\/portal\/2016\/10\/03\/el-termito-lo-que-no-se-vio-en-la-visita-al-monumental\/","title":{"rendered":"El Termito: Lo que no se vio en la visita al Monumental"},"content":{"rendered":"<p><strong>Idolo transversal<\/strong><\/p>\n<p>Quiz\u00e1s fue la imagen que m\u00e1s llam\u00f3 la atenci\u00f3n tras el supercl\u00e1sico, es que es muy raro ver un albo pidi\u00e9ndole un aut\u00f3grafo a Herrera, \u00bfno?<\/p>\n<blockquote class=\"twitter-tweet\" data-lang=\"es\">\n<p dir=\"ltr\" lang=\"und\"><a href=\"https:\/\/t.co\/5q6zmg7nNs\">pic.twitter.com\/5q6zmg7nNs<\/a><\/p>\n<p>\u2014 Cristi\u00e1n Fajardo C. (@cfajardoc) <a href=\"https:\/\/twitter.com\/cfajardoc\/status\/782668018874773504\">2 de octubre de 2016<\/a><\/p><\/blockquote>\n<p><script src=\"\/\/platform.twitter.com\/widgets.js\" async=\"\" charset=\"utf-8\"><\/script><br \/>\n<strong>A potope (+18)<\/strong><\/p>\n<p>Hay una canci\u00f3n de Los de Abajo que dice: \u00abcuando salgamos campe\u00f3n, lo vamos a celebrar, con un cruzado colgado de un \u00e1rbol y un indio a raja pel\u00e1\u00bb. No compartimos el llamado a colgar ni empelotar a nadie, pero si nos llama la atenci\u00f3n este maceteado albo que regal\u00f3 risas a los asistentes con un intento de masturbaci\u00f3n en plena galucha&#8230; Reg\u00e1lenle una lupa.<\/p>\n<p><img loading=\"lazy\" decoding=\"async\" class=\"alignnone size-full wp-image-10495\" src=\"http:\/\/www.rincondelbulla.cl\/portal\/wp-content\/uploads\/2016\/10\/1.jpg\" alt=\"1\" width=\"960\" height=\"640\" srcset=\"http:\/\/www.rincondelbulla.cl\/portal\/wp-content\/uploads\/2016\/10\/1.jpg 960w, http:\/\/www.rincondelbulla.cl\/portal\/wp-content\/uploads\/2016\/10\/1-300x200.jpg 300w, http:\/\/www.rincondelbulla.cl\/portal\/wp-content\/uploads\/2016\/10\/1-768x512.jpg 768w, http:\/\/www.rincondelbulla.cl\/portal\/wp-content\/uploads\/2016\/10\/1-696x464.jpg 696w, http:\/\/www.rincondelbulla.cl\/portal\/wp-content\/uploads\/2016\/10\/1-630x420.jpg 630w\" sizes=\"auto, (max-width: 960px) 100vw, 960px\" \/><\/p>\n<p><strong>Capucha permitida<\/strong><\/p>\n<p>Si en las marchas los encapuchados son reprimidos, en el Monumental son favorecidos para estar en la cancha y lanzar sus humos de la mano con Blanco &amp; Negro. Curioso.<\/p>\n<p><img loading=\"lazy\" decoding=\"async\" class=\"alignnone size-full wp-image-10496\" src=\"http:\/\/www.rincondelbulla.cl\/portal\/wp-content\/uploads\/2016\/10\/2.jpg\" alt=\"2\" width=\"960\" height=\"640\" srcset=\"http:\/\/www.rincondelbulla.cl\/portal\/wp-content\/uploads\/2016\/10\/2.jpg 960w, http:\/\/www.rincondelbulla.cl\/portal\/wp-content\/uploads\/2016\/10\/2-300x200.jpg 300w, http:\/\/www.rincondelbulla.cl\/portal\/wp-content\/uploads\/2016\/10\/2-768x512.jpg 768w, http:\/\/www.rincondelbulla.cl\/portal\/wp-content\/uploads\/2016\/10\/2-696x464.jpg 696w, http:\/\/www.rincondelbulla.cl\/portal\/wp-content\/uploads\/2016\/10\/2-630x420.jpg 630w\" sizes=\"auto, (max-width: 960px) 100vw, 960px\" \/><\/p>\n<p><strong>Hasb\u00fan Hasb\u00fan&#8230;<\/strong><\/p>\n<p>A pesar del triunfo, hubo un albo que no la pas\u00f3 muy bien. Por muy c\u00f3modo que haya estado en su palco, no pudo evitar escuchar los insultos de muchos hinchas. El climax lleg\u00f3 cuando los azules ubicados en Rapa Nui le dedicaron el cl\u00e1sico \u00abole ole, ole ole, esa es la hinchada, de Pinochet\u00bb.<\/p>\n<p><img loading=\"lazy\" decoding=\"async\" class=\"alignnone size-full wp-image-10497\" src=\"http:\/\/www.rincondelbulla.cl\/portal\/wp-content\/uploads\/2016\/10\/3.jpeg\" alt=\"3\" width=\"1040\" height=\"780\" srcset=\"http:\/\/www.rincondelbulla.cl\/portal\/wp-content\/uploads\/2016\/10\/3.jpeg 1040w, http:\/\/www.rincondelbulla.cl\/portal\/wp-content\/uploads\/2016\/10\/3-300x225.jpeg 300w, http:\/\/www.rincondelbulla.cl\/portal\/wp-content\/uploads\/2016\/10\/3-768x576.jpeg 768w, http:\/\/www.rincondelbulla.cl\/portal\/wp-content\/uploads\/2016\/10\/3-80x60.jpeg 80w, http:\/\/www.rincondelbulla.cl\/portal\/wp-content\/uploads\/2016\/10\/3-265x198.jpeg 265w, http:\/\/www.rincondelbulla.cl\/portal\/wp-content\/uploads\/2016\/10\/3-696x522.jpeg 696w, http:\/\/www.rincondelbulla.cl\/portal\/wp-content\/uploads\/2016\/10\/3-560x420.jpeg 560w\" sizes=\"auto, (max-width: 1040px) 100vw, 1040px\" \/><\/p>\n<p><strong>Guerra de camotes<\/strong><\/p>\n<p>Cuando transcurr\u00eda el segundo tiempo se desato la batalla. Un pu\u00f1ado de albos lanzaba \u00abcamotes\u00bb al lado de carabineros, a quienes ni se les mov\u00eda la pluma. Por su parte los hinchas azules respond\u00edan desde Magallanes.<\/p>\n<p><img loading=\"lazy\" decoding=\"async\" class=\"alignnone size-full wp-image-10499\" src=\"http:\/\/www.rincondelbulla.cl\/portal\/wp-content\/uploads\/2016\/10\/5.jpeg\" alt=\"5\" width=\"1040\" height=\"780\" srcset=\"http:\/\/www.rincondelbulla.cl\/portal\/wp-content\/uploads\/2016\/10\/5.jpeg 1040w, http:\/\/www.rincondelbulla.cl\/portal\/wp-content\/uploads\/2016\/10\/5-300x225.jpeg 300w, http:\/\/www.rincondelbulla.cl\/portal\/wp-content\/uploads\/2016\/10\/5-768x576.jpeg 768w, http:\/\/www.rincondelbulla.cl\/portal\/wp-content\/uploads\/2016\/10\/5-80x60.jpeg 80w, http:\/\/www.rincondelbulla.cl\/portal\/wp-content\/uploads\/2016\/10\/5-265x198.jpeg 265w, http:\/\/www.rincondelbulla.cl\/portal\/wp-content\/uploads\/2016\/10\/5-696x522.jpeg 696w, http:\/\/www.rincondelbulla.cl\/portal\/wp-content\/uploads\/2016\/10\/5-560x420.jpeg 560w\" sizes=\"auto, (max-width: 1040px) 100vw, 1040px\" \/><\/p>\n<p><strong>Ay Jos\u00e9<\/strong><\/p>\n<p>El caporal de Estadio Seguro estuvo muy tranquilo, eso al menos hasta que salieran los equipos a la cancha. La salida de los albos dej\u00f3 en claro que una infinidad de elementos prohibidos fueron escondidos en el reducto. Los azules no se quedaron atr\u00e1s y se las ingeniaron para entrar humos de colores. La conclusi\u00f3n es una sola, fracaso total de Estadio Seguro.<\/p>\n<p><img loading=\"lazy\" decoding=\"async\" class=\"alignnone size-full wp-image-10498\" src=\"http:\/\/www.rincondelbulla.cl\/portal\/wp-content\/uploads\/2016\/10\/4.jpeg\" alt=\"4\" width=\"1040\" height=\"780\" srcset=\"http:\/\/www.rincondelbulla.cl\/portal\/wp-content\/uploads\/2016\/10\/4.jpeg 1040w, http:\/\/www.rincondelbulla.cl\/portal\/wp-content\/uploads\/2016\/10\/4-300x225.jpeg 300w, http:\/\/www.rincondelbulla.cl\/portal\/wp-content\/uploads\/2016\/10\/4-768x576.jpeg 768w, http:\/\/www.rincondelbulla.cl\/portal\/wp-content\/uploads\/2016\/10\/4-80x60.jpeg 80w, http:\/\/www.rincondelbulla.cl\/portal\/wp-content\/uploads\/2016\/10\/4-265x198.jpeg 265w, http:\/\/www.rincondelbulla.cl\/portal\/wp-content\/uploads\/2016\/10\/4-696x522.jpeg 696w, http:\/\/www.rincondelbulla.cl\/portal\/wp-content\/uploads\/2016\/10\/4-560x420.jpeg 560w\" sizes=\"auto, (max-width: 1040px) 100vw, 1040px\" \/><\/p>\n","protected":false},"excerpt":{"rendered":"<p>Idolo transversal Quiz\u00e1s fue la imagen que m\u00e1s llam\u00f3 la atenci\u00f3n tras el supercl\u00e1sico, es que es muy raro ver un albo pidi\u00e9ndole un aut\u00f3grafo a Herrera, \u00bfno? pic.twitter.com\/5q6zmg7nNs \u2014 Cristi\u00e1n Fajardo C. (@cfajardoc) 2 de octubre de 2016 A potope (+18) Hay una canci\u00f3n de Los de Abajo que dice: \u00abcuando salgamos campe\u00f3n, lo [&#8230;]<\/p>\n","protected":false},"author":59,"featured_media":10500,"comment_status":"closed","ping_status":"open","sticky":false,"template":"","format":"standard","meta":{"footnotes":""},"categories":[18,1],"tags":[502,914,44,75,294],"class_list":{"0":"post-10493","1":"post","2":"type-post","3":"status-publish","4":"format-standard","5":"has-post-thumbnail","7":"category-actualidad","8":"category-sin-categoria","9":"tag-colo-colo","10":"tag-lo-que-no-se-vio","11":"tag-superclasico","12":"tag-trastienda","13":"tag-u-de-chile"},"_links":{"self":[{"href":"http:\/\/www.rincondelbulla.cl\/portal\/wp-json\/wp\/v2\/posts\/10493","targetHints":{"allow":["GET"]}}],"collection":[{"href":"http:\/\/www.rincondelbulla.cl\/portal\/wp-json\/wp\/v2\/posts"}],"about":[{"href":"http:\/\/www.rincondelbulla.cl\/portal\/wp-json\/wp\/v2\/types\/post"}],"author":[{"embeddable":true,"href":"http:\/\/www.rincondelbulla.cl\/portal\/wp-json\/wp\/v2\/users\/59"}],"replies":[{"embeddable":true,"href":"http:\/\/www.rincondelbulla.cl\/portal\/wp-json\/wp\/v2\/comments?post=10493"}],"version-history":[{"count":2,"href":"http:\/\/www.rincondelbulla.cl\/portal\/wp-json\/wp\/v2\/posts\/10493\/revisions"}],"predecessor-version":[{"id":10501,"href":"http:\/\/www.rincondelbulla.cl\/portal\/wp-json\/wp\/v2\/posts\/10493\/revisions\/10501"}],"wp:featuredmedia":[{"embeddable":true,"href":"http:\/\/www.rincondelbulla.cl\/portal\/wp-json\/wp\/v2\/media\/10500"}],"wp:attachment":[{"href":"http:\/\/www.rincondelbulla.cl\/portal\/wp-json\/wp\/v2\/media?parent=10493"}],"wp:term":[{"taxonomy":"category","embeddable":true,"href":"http:\/\/www.rincondelbulla.cl\/portal\/wp-json\/wp\/v2\/categories?post=10493"},{"taxonomy":"post_tag","embeddable":true,"href":"http:\/\/www.rincondelbulla.cl\/portal\/wp-json\/wp\/v2\/tags?post=10493"}],"curies":[{"name":"wp","href":"https:\/\/api.w.org\/{rel}","templated":true}]}}