{"id":10534,"date":"2016-10-14T13:20:53","date_gmt":"2016-10-14T16:20:53","guid":{"rendered":"http:\/\/www.rincondelbulla.cl\/portal\/?p=10534"},"modified":"2016-10-14T13:27:47","modified_gmt":"2016-10-14T16:27:47","slug":"vh-en-conferencia-herrera-y-fernandez-iran-al-banco-el-domingo","status":"publish","type":"post","link":"http:\/\/www.rincondelbulla.cl\/portal\/2016\/10\/14\/vh-en-conferencia-herrera-y-fernandez-iran-al-banco-el-domingo\/","title":{"rendered":"VH en conferencia \u00abHerrera y Fern\u00e1ndez ir\u00e1n al banco el domingo\u00bb"},"content":{"rendered":"<p><img loading=\"lazy\" decoding=\"async\" class=\"alignnone size-full wp-image-10465\" src=\"http:\/\/www.rincondelbulla.cl\/portal\/wp-content\/uploads\/2016\/09\/14449930_10209458636556339_1838915333084988811_n.jpg\" alt=\"14449930_10209458636556339_1838915333084988811_n\" width=\"960\" height=\"640\" srcset=\"http:\/\/www.rincondelbulla.cl\/portal\/wp-content\/uploads\/2016\/09\/14449930_10209458636556339_1838915333084988811_n.jpg 960w, http:\/\/www.rincondelbulla.cl\/portal\/wp-content\/uploads\/2016\/09\/14449930_10209458636556339_1838915333084988811_n-300x200.jpg 300w, http:\/\/www.rincondelbulla.cl\/portal\/wp-content\/uploads\/2016\/09\/14449930_10209458636556339_1838915333084988811_n-768x512.jpg 768w, http:\/\/www.rincondelbulla.cl\/portal\/wp-content\/uploads\/2016\/09\/14449930_10209458636556339_1838915333084988811_n-696x464.jpg 696w, http:\/\/www.rincondelbulla.cl\/portal\/wp-content\/uploads\/2016\/09\/14449930_10209458636556339_1838915333084988811_n-630x420.jpg 630w\" sizes=\"auto, (max-width: 960px) 100vw, 960px\" \/><br \/>\n<strong>V\u00edctor Hugo Casta\u00f1eda habl\u00f3 en la previa del partido frente a O\u2019Higgins de Rancagua, y adelant\u00f3 que ni Herrera ni Fern\u00e1ndez ser\u00e1n de la partida el domingo, pero aclar\u00f3 qu\u00e9<\/strong><br \/>\n<strong> \u201cHerrera tiene una molestia. Fern\u00e1ndez arrastra problemas musculares.\u201d<\/strong><!--more--><\/p>\n<p><strong>O\u2019higgins<\/strong> Es un muy buen equipo, que tiene una idea clara del juego, muy vertical y nosotros queremos ser protagonista, queremos sumar de a 3, y hemos estudiado bastante al rival como seguramente ellos nos habr\u00e1n estudiado tambi\u00e9n<\/p>\n<p><strong>Huevos y Lienzos<\/strong> Me Sorprendi\u00f3, el hincha de la U es muy fiel, por lejos es la m\u00e1s fiel. El amor por la camiseta va m\u00e1s all\u00e1 del resultado puntual<\/p>\n<p><strong>Estado f\u00edsico del plantel<\/strong>Nosotros estamos o trataremos de estar en la mejor forma f\u00edsica posible, Lucho Rodoni est\u00e1 trabajando en eso.<\/p>\n<p><strong>Forma de Juego<\/strong> A nosotros nos han tildado de anticuados o retr\u00f3grados, pero hasta el momento no hemos mostrado lo que realmente queremos, reci\u00e9n en el receso hemos podido trabajar un poco en lo que queremos<\/p>\n<p><strong>Lesionados<\/strong> Herrera tiene una molestia. Fern\u00e1ndez arrastra problemas musculares. Aqu\u00ed no se corta a nadie. Ser\u00e1n citados, pero no titulare. Yo espero m\u00e1s de todos, aunque sean elegidos el jugador del partido yo siempre espero m\u00e1s. Y en el caso de Gast\u00f3n, si estuviera en condiciones ser\u00eda parte del equipo, yo no puedo darme el lujo de dejar jugadores de esa categor\u00eda fuera del equipo<\/p>\n<p><strong>Cl\u00e1sico Universitario<\/strong> Es una falta de respeto hablar de Cat\u00f3lica antes de un partido con Ohiggins, Ohiggins es un rival muy complicado como para distraerse<\/p>\n<p><strong>El Capit\u00e1n<\/strong> Herrera estaba para jugar ese partido, de lo contrario no lo hubiera hecho, respetamos mucho a los jugadores, preferimos perder un partido o perder la pega antes de lesionar a un jugador.<\/p>\n","protected":false},"excerpt":{"rendered":"<p>V\u00edctor Hugo Casta\u00f1eda habl\u00f3 en la previa del partido frente a O\u2019Higgins de Rancagua, y adelant\u00f3 que ni Herrera ni Fern\u00e1ndez ser\u00e1n de la partida el domingo, pero aclar\u00f3 qu\u00e9 \u201cHerrera tiene una molestia. Fern\u00e1ndez arrastra problemas musculares.\u201d<\/p>\n","protected":false},"author":21381,"featured_media":10465,"comment_status":"closed","ping_status":"open","sticky":false,"template":"","format":"standard","meta":{"footnotes":""},"categories":[18],"tags":[209,923,424,133,902],"class_list":{"0":"post-10534","1":"post","2":"type-post","3":"status-publish","4":"format-standard","5":"has-post-thumbnail","7":"category-actualidad","8":"tag-conferencia-de-prensa","9":"tag-domingo","10":"tag-estadio-nacional","11":"tag-ohiggins","12":"tag-victor-hugo-castaneda"},"_links":{"self":[{"href":"http:\/\/www.rincondelbulla.cl\/portal\/wp-json\/wp\/v2\/posts\/10534","targetHints":{"allow":["GET"]}}],"collection":[{"href":"http:\/\/www.rincondelbulla.cl\/portal\/wp-json\/wp\/v2\/posts"}],"about":[{"href":"http:\/\/www.rincondelbulla.cl\/portal\/wp-json\/wp\/v2\/types\/post"}],"author":[{"embeddable":true,"href":"http:\/\/www.rincondelbulla.cl\/portal\/wp-json\/wp\/v2\/users\/21381"}],"replies":[{"embeddable":true,"href":"http:\/\/www.rincondelbulla.cl\/portal\/wp-json\/wp\/v2\/comments?post=10534"}],"version-history":[{"count":3,"href":"http:\/\/www.rincondelbulla.cl\/portal\/wp-json\/wp\/v2\/posts\/10534\/revisions"}],"predecessor-version":[{"id":10537,"href":"http:\/\/www.rincondelbulla.cl\/portal\/wp-json\/wp\/v2\/posts\/10534\/revisions\/10537"}],"wp:featuredmedia":[{"embeddable":true,"href":"http:\/\/www.rincondelbulla.cl\/portal\/wp-json\/wp\/v2\/media\/10465"}],"wp:attachment":[{"href":"http:\/\/www.rincondelbulla.cl\/portal\/wp-json\/wp\/v2\/media?parent=10534"}],"wp:term":[{"taxonomy":"category","embeddable":true,"href":"http:\/\/www.rincondelbulla.cl\/portal\/wp-json\/wp\/v2\/categories?post=10534"},{"taxonomy":"post_tag","embeddable":true,"href":"http:\/\/www.rincondelbulla.cl\/portal\/wp-json\/wp\/v2\/tags?post=10534"}],"curies":[{"name":"wp","href":"https:\/\/api.w.org\/{rel}","templated":true}]}}