{"id":10585,"date":"2016-10-20T01:31:16","date_gmt":"2016-10-20T04:31:16","guid":{"rendered":"http:\/\/www.rincondelbulla.cl\/portal\/?p=10585"},"modified":"2016-10-20T01:31:16","modified_gmt":"2016-10-20T04:31:16","slug":"hasta-el-penal-de-jara-nos-vimos-mejor","status":"publish","type":"post","link":"http:\/\/www.rincondelbulla.cl\/portal\/2016\/10\/20\/hasta-el-penal-de-jara-nos-vimos-mejor\/","title":{"rendered":"\u00abHasta el penal de Jara nos vimos mejor\u00bb"},"content":{"rendered":"<figure id=\"attachment_10575\" aria-describedby=\"caption-attachment-10575\" style=\"width: 960px\" class=\"wp-caption alignnone\"><img loading=\"lazy\" decoding=\"async\" class=\"size-full wp-image-10575\" src=\"http:\/\/www.rincondelbulla.cl\/portal\/wp-content\/uploads\/2016\/10\/14469450_10209458641396460_588406668001660879_n.jpg\" alt=\"Por: Patricio Gonz\u00e1lez\" width=\"960\" height=\"640\" srcset=\"http:\/\/www.rincondelbulla.cl\/portal\/wp-content\/uploads\/2016\/10\/14469450_10209458641396460_588406668001660879_n.jpg 960w, http:\/\/www.rincondelbulla.cl\/portal\/wp-content\/uploads\/2016\/10\/14469450_10209458641396460_588406668001660879_n-300x200.jpg 300w, http:\/\/www.rincondelbulla.cl\/portal\/wp-content\/uploads\/2016\/10\/14469450_10209458641396460_588406668001660879_n-768x512.jpg 768w, http:\/\/www.rincondelbulla.cl\/portal\/wp-content\/uploads\/2016\/10\/14469450_10209458641396460_588406668001660879_n-696x464.jpg 696w, http:\/\/www.rincondelbulla.cl\/portal\/wp-content\/uploads\/2016\/10\/14469450_10209458641396460_588406668001660879_n-630x420.jpg 630w\" sizes=\"auto, (max-width: 960px) 100vw, 960px\" \/><figcaption id=\"caption-attachment-10575\" class=\"wp-caption-text\">Por: Patricio Gonz\u00e1lez<\/figcaption><\/figure>\n<p>Lo de ayer fue de esos partidos ingratos. Si bien es cierto la \u00abU\u00bb mostr\u00f3 mejoras en su funcionamiento, un infantil error de Jara y un penal dudoso le costaron caro a los azules.<!--more--><\/p>\n<p>Reflejo de esto fue la salida del camar\u00edn azul, donde todos los jugadores evitaron declarar ante una adversa situaci\u00f3n.<\/p>\n<p>Quien si lo hizo fue Franz Shultz, quien declar\u00f3 a la transmisi\u00f3n oficial terminado el partido.\u00a0\u00abFue un partido parejo hasta cuando estuvimos 11 contra 11. Para m\u00ed no fue penal. Nos condiciona la expulsi\u00f3n y era muy dif\u00edcil jugar con 10 en San Carlos\u00bb, fue el an\u00e1lisis del mediocampista azul.<\/p>\n<p>\u00ab<strong>Tenemos m\u00e1s car\u00e1cter que ellos<\/strong> <strong>y mejores jugadores que ellos.\u00a0Queda mucho camino todav\u00eda,\u00a0tenemos que dar vuelta la llave en el Nacional<\/strong>\u00ab, asegur\u00f3\u00a0el ex Wanderers.<\/p>\n<p>En tanto, el t\u00e9cnico de los azules ratific\u00f3 que el error de Jara le cost\u00f3 caro a la U.\u00a0\u00abEl plan inicial era presionar a Cat\u00f3lica en la salida. No los dejamos salir libremente y los obligamos a que realizaran pelotazos a sus delanteros.\u00a0Hasta el penal, y posterior expulsi\u00f3n, de Jara nos vimos mejor. Despu\u00e9s de eso, se nos fue al piso la planificaci\u00f3n\u00bb.<\/p>\n<p>\u00ab<strong>Todav\u00eda tenemos esperanza.<\/strong> <strong>El esfuerzo de los jugadores se debe ver recompensado en alg\u00fan momento. La situaci\u00f3n est\u00e1 as\u00ed, uno piensa que pudo ser diferente, pero los resultados son los que mandan. Las posibilidades de clasificar a un torneo internacional se est\u00e1n alejando<\/strong>\u00ab, coment\u00f3 VH Casta\u00f1eda sobre la llave de vuelta.<\/p>\n","protected":false},"excerpt":{"rendered":"<p>Lo de ayer fue de esos partidos ingratos. Si bien es cierto la \u00abU\u00bb mostr\u00f3 mejoras en su funcionamiento, un infantil error de Jara y un penal dudoso le costaron caro a los azules.<\/p>\n","protected":false},"author":65,"featured_media":10586,"comment_status":"closed","ping_status":"open","sticky":false,"template":"","format":"standard","meta":{"footnotes":""},"categories":[18],"tags":[933,294,872,902],"class_list":{"0":"post-10585","1":"post","2":"type-post","3":"status-publish","4":"format-standard","5":"has-post-thumbnail","7":"category-actualidad","8":"tag-franz-shultz","9":"tag-u-de-chile","10":"tag-uc","11":"tag-victor-hugo-castaneda"},"_links":{"self":[{"href":"http:\/\/www.rincondelbulla.cl\/portal\/wp-json\/wp\/v2\/posts\/10585","targetHints":{"allow":["GET"]}}],"collection":[{"href":"http:\/\/www.rincondelbulla.cl\/portal\/wp-json\/wp\/v2\/posts"}],"about":[{"href":"http:\/\/www.rincondelbulla.cl\/portal\/wp-json\/wp\/v2\/types\/post"}],"author":[{"embeddable":true,"href":"http:\/\/www.rincondelbulla.cl\/portal\/wp-json\/wp\/v2\/users\/65"}],"replies":[{"embeddable":true,"href":"http:\/\/www.rincondelbulla.cl\/portal\/wp-json\/wp\/v2\/comments?post=10585"}],"version-history":[{"count":1,"href":"http:\/\/www.rincondelbulla.cl\/portal\/wp-json\/wp\/v2\/posts\/10585\/revisions"}],"predecessor-version":[{"id":10587,"href":"http:\/\/www.rincondelbulla.cl\/portal\/wp-json\/wp\/v2\/posts\/10585\/revisions\/10587"}],"wp:featuredmedia":[{"embeddable":true,"href":"http:\/\/www.rincondelbulla.cl\/portal\/wp-json\/wp\/v2\/media\/10586"}],"wp:attachment":[{"href":"http:\/\/www.rincondelbulla.cl\/portal\/wp-json\/wp\/v2\/media?parent=10585"}],"wp:term":[{"taxonomy":"category","embeddable":true,"href":"http:\/\/www.rincondelbulla.cl\/portal\/wp-json\/wp\/v2\/categories?post=10585"},{"taxonomy":"post_tag","embeddable":true,"href":"http:\/\/www.rincondelbulla.cl\/portal\/wp-json\/wp\/v2\/tags?post=10585"}],"curies":[{"name":"wp","href":"https:\/\/api.w.org\/{rel}","templated":true}]}}