{"id":10593,"date":"2016-10-20T21:47:24","date_gmt":"2016-10-21T00:47:24","guid":{"rendered":"http:\/\/www.rincondelbulla.cl\/portal\/?p=10593"},"modified":"2016-10-20T21:47:24","modified_gmt":"2016-10-21T00:47:24","slug":"por-respeto-al-himno-y-nuestras-hinchas-se-inicia-campana-para-erradicar-muletillas-del-himno-de-la-u","status":"publish","type":"post","link":"http:\/\/www.rincondelbulla.cl\/portal\/2016\/10\/20\/por-respeto-al-himno-y-nuestras-hinchas-se-inicia-campana-para-erradicar-muletillas-del-himno-de-la-u\/","title":{"rendered":"Por respeto al himno y nuestras hinchas: Se inicia campa\u00f1a para erradicar muletillas del himno de la U"},"content":{"rendered":"<figure id=\"attachment_10594\" aria-describedby=\"caption-attachment-10594\" style=\"width: 960px\" class=\"wp-caption aligncenter\"><img loading=\"lazy\" decoding=\"async\" class=\"size-full wp-image-10594\" src=\"http:\/\/www.rincondelbulla.cl\/portal\/wp-content\/uploads\/2016\/10\/Afiche-Muletillas.jpg\" alt=\"Varias organizaciones de hicnhas ya se encaminan en erradicar las muletillas en las canciones de la barra.\" width=\"960\" height=\"960\" srcset=\"http:\/\/www.rincondelbulla.cl\/portal\/wp-content\/uploads\/2016\/10\/Afiche-Muletillas.jpg 960w, http:\/\/www.rincondelbulla.cl\/portal\/wp-content\/uploads\/2016\/10\/Afiche-Muletillas-150x150.jpg 150w, http:\/\/www.rincondelbulla.cl\/portal\/wp-content\/uploads\/2016\/10\/Afiche-Muletillas-300x300.jpg 300w, http:\/\/www.rincondelbulla.cl\/portal\/wp-content\/uploads\/2016\/10\/Afiche-Muletillas-768x768.jpg 768w, http:\/\/www.rincondelbulla.cl\/portal\/wp-content\/uploads\/2016\/10\/Afiche-Muletillas-696x696.jpg 696w, http:\/\/www.rincondelbulla.cl\/portal\/wp-content\/uploads\/2016\/10\/Afiche-Muletillas-420x420.jpg 420w\" sizes=\"auto, (max-width: 960px) 100vw, 960px\" \/><figcaption id=\"caption-attachment-10594\" class=\"wp-caption-text\">Varias organizaciones de hicnhas ya se encaminan en erradicar las muletillas en las canciones de la barra.<\/figcaption><\/figure>\n<p><strong>Hinchada hay una sola y por eso el respeto a la historia de la U y m\u00e1s a\u00fan nuestras mujeres se debe hacer sentir, as\u00ed varias agrupaciones de hinchas azules, entre ellas Los de Abajo, Asociaci\u00f3n de Hinchas Azules, El No Oficial, entre otras, comenzaron con esta gran campa\u00f1a para poner fin a las muletillas en el himno de la U.<\/strong><!--more--><\/p>\n<p>Las distintas organizaciones hacen un fuerte llamado a que los hinchas que asistan al estadio terminen con las muletillas, lamentablemente ya cl\u00e1sicas, en el himno de la U. el \u00abEn pelota\u00bb debe ser errdicado de ra\u00edz, dicen, ya que atenta contra la mujer bullanguera que tenemos al lado. El respeto entre nosotros es lo primero.<\/p>\n<p>As\u00ed desde el pr\u00f3ximo partido de la U (Lunes 24 de octubre ante la UC) se hace un llamado a que todos colaboren con esta iniciativa para que el dia 5 de noviembre, en el <a href=\"http:\/\/www.rincondelbulla.cl\/portal\/2016\/10\/10\/se-viene-el-dia-del-hincha-azul\/\">D\u00eda del Hincha Azul<\/a>, nuestro himno se escuche limpio y fuerte para todo el mundo.<\/p>\n","protected":false},"excerpt":{"rendered":"<p>Hinchada hay una sola y por eso el respeto a la historia de la U y m\u00e1s a\u00fan nuestras mujeres se debe hacer sentir, as\u00ed varias agrupaciones de hinchas azules, entre ellas Los de Abajo, Asociaci\u00f3n de Hinchas Azules, El No Oficial, entre otras, comenzaron con esta gran campa\u00f1a para poner fin a las muletillas [&#8230;]<\/p>\n","protected":false},"author":56,"featured_media":10285,"comment_status":"closed","ping_status":"open","sticky":false,"template":"","format":"standard","meta":{"footnotes":""},"categories":[18],"tags":[454,102,157,156],"class_list":{"0":"post-10593","1":"post","2":"type-post","3":"status-publish","4":"format-standard","5":"has-post-thumbnail","7":"category-actualidad","8":"tag-actualidad","9":"tag-los-de-abajo","10":"tag-portada","11":"tag-universidad-de-chile"},"_links":{"self":[{"href":"http:\/\/www.rincondelbulla.cl\/portal\/wp-json\/wp\/v2\/posts\/10593","targetHints":{"allow":["GET"]}}],"collection":[{"href":"http:\/\/www.rincondelbulla.cl\/portal\/wp-json\/wp\/v2\/posts"}],"about":[{"href":"http:\/\/www.rincondelbulla.cl\/portal\/wp-json\/wp\/v2\/types\/post"}],"author":[{"embeddable":true,"href":"http:\/\/www.rincondelbulla.cl\/portal\/wp-json\/wp\/v2\/users\/56"}],"replies":[{"embeddable":true,"href":"http:\/\/www.rincondelbulla.cl\/portal\/wp-json\/wp\/v2\/comments?post=10593"}],"version-history":[{"count":1,"href":"http:\/\/www.rincondelbulla.cl\/portal\/wp-json\/wp\/v2\/posts\/10593\/revisions"}],"predecessor-version":[{"id":10595,"href":"http:\/\/www.rincondelbulla.cl\/portal\/wp-json\/wp\/v2\/posts\/10593\/revisions\/10595"}],"wp:featuredmedia":[{"embeddable":true,"href":"http:\/\/www.rincondelbulla.cl\/portal\/wp-json\/wp\/v2\/media\/10285"}],"wp:attachment":[{"href":"http:\/\/www.rincondelbulla.cl\/portal\/wp-json\/wp\/v2\/media?parent=10593"}],"wp:term":[{"taxonomy":"category","embeddable":true,"href":"http:\/\/www.rincondelbulla.cl\/portal\/wp-json\/wp\/v2\/categories?post=10593"},{"taxonomy":"post_tag","embeddable":true,"href":"http:\/\/www.rincondelbulla.cl\/portal\/wp-json\/wp\/v2\/tags?post=10593"}],"curies":[{"name":"wp","href":"https:\/\/api.w.org\/{rel}","templated":true}]}}