{"id":10596,"date":"2016-10-21T13:27:56","date_gmt":"2016-10-21T16:27:56","guid":{"rendered":"http:\/\/www.rincondelbulla.cl\/portal\/?p=10596"},"modified":"2016-10-21T13:27:56","modified_gmt":"2016-10-21T16:27:56","slug":"8va-asamblea-de-hinchas-azules-sabado-22-a-las-1100","status":"publish","type":"post","link":"http:\/\/www.rincondelbulla.cl\/portal\/2016\/10\/21\/8va-asamblea-de-hinchas-azules-sabado-22-a-las-1100\/","title":{"rendered":"8va Asamblea de hinchas  azules, S\u00e1bado 22 a las 11:00"},"content":{"rendered":"<p><img loading=\"lazy\" decoding=\"async\" class=\"alignnone size-full wp-image-10597\" src=\"http:\/\/www.rincondelbulla.cl\/portal\/wp-content\/uploads\/2016\/10\/14741129_10209227466696487_1416985179_n.jpg\" alt=\"14741129_10209227466696487_1416985179_n\" width=\"960\" height=\"960\" srcset=\"http:\/\/www.rincondelbulla.cl\/portal\/wp-content\/uploads\/2016\/10\/14741129_10209227466696487_1416985179_n.jpg 960w, http:\/\/www.rincondelbulla.cl\/portal\/wp-content\/uploads\/2016\/10\/14741129_10209227466696487_1416985179_n-150x150.jpg 150w, http:\/\/www.rincondelbulla.cl\/portal\/wp-content\/uploads\/2016\/10\/14741129_10209227466696487_1416985179_n-300x300.jpg 300w, http:\/\/www.rincondelbulla.cl\/portal\/wp-content\/uploads\/2016\/10\/14741129_10209227466696487_1416985179_n-768x768.jpg 768w, http:\/\/www.rincondelbulla.cl\/portal\/wp-content\/uploads\/2016\/10\/14741129_10209227466696487_1416985179_n-696x696.jpg 696w, http:\/\/www.rincondelbulla.cl\/portal\/wp-content\/uploads\/2016\/10\/14741129_10209227466696487_1416985179_n-420x420.jpg 420w\" sizes=\"auto, (max-width: 960px) 100vw, 960px\" \/><br \/>\n<strong> El pr\u00f3ximo s\u00e1bado se llevar\u00e1 a cabo la 8va asamblea de hinchas azules, la cita es a las 11:00 de la ma\u00f1ana en la fech, ubicada en Periodista Jos\u00e9 Carrasco Tapia n\u00famero 9, Santiago Centro.<\/strong><!--more--><\/p>\n<p>La Asamblea lleva dos a\u00f1os y medio trabajando en recuperar el club para los hinchas. Este a\u00f1o destaca el \u00e1rea legislativa, donde se tramita una propuesta de modificaci\u00f3n a la Ley 20.019 (Ley SADP). \u00bfPor qu\u00e9 es importante?<\/p>\n<p>Porque recuperar el Club pasa por entender que Azul Azul existe porque la Ley obliga a la Corfuch a concesionarse a una SA, porque el modelo del f\u00fatbol chileno implica que la \u201cU\u201d, y muchos otros clubes, est\u00e1n manejados por poderes econ\u00f3micos y no por sus respectivas bases sociales.<\/p>\n<p><a href=\"https:\/\/www.facebook.com\/events\/201452616950588\/?active_tab=about\" target=\"_blank\">M\u00e1s informaci\u00f3n aqu\u00ed <\/a><\/p>\n","protected":false},"excerpt":{"rendered":"<p>El pr\u00f3ximo s\u00e1bado se llevar\u00e1 a cabo la 8va asamblea de hinchas azules, la cita es a las 11:00 de la ma\u00f1ana en la fech, ubicada en Periodista Jos\u00e9 Carrasco Tapia n\u00famero 9, Santiago Centro.<\/p>\n","protected":false},"author":21381,"featured_media":10597,"comment_status":"closed","ping_status":"open","sticky":false,"template":"","format":"standard","meta":{"footnotes":""},"categories":[18],"tags":[549,278,271,174,192,394],"class_list":{"0":"post-10596","1":"post","2":"type-post","3":"status-publish","4":"format-standard","5":"has-post-thumbnail","7":"category-actualidad","8":"tag-actualidad-azul","9":"tag-asamblea-de-hinchas-azules","10":"tag-asamblea-hinchas-azules","11":"tag-azul-azul","12":"tag-carlos-heller","13":"tag-heller"},"_links":{"self":[{"href":"http:\/\/www.rincondelbulla.cl\/portal\/wp-json\/wp\/v2\/posts\/10596","targetHints":{"allow":["GET"]}}],"collection":[{"href":"http:\/\/www.rincondelbulla.cl\/portal\/wp-json\/wp\/v2\/posts"}],"about":[{"href":"http:\/\/www.rincondelbulla.cl\/portal\/wp-json\/wp\/v2\/types\/post"}],"author":[{"embeddable":true,"href":"http:\/\/www.rincondelbulla.cl\/portal\/wp-json\/wp\/v2\/users\/21381"}],"replies":[{"embeddable":true,"href":"http:\/\/www.rincondelbulla.cl\/portal\/wp-json\/wp\/v2\/comments?post=10596"}],"version-history":[{"count":2,"href":"http:\/\/www.rincondelbulla.cl\/portal\/wp-json\/wp\/v2\/posts\/10596\/revisions"}],"predecessor-version":[{"id":10599,"href":"http:\/\/www.rincondelbulla.cl\/portal\/wp-json\/wp\/v2\/posts\/10596\/revisions\/10599"}],"wp:featuredmedia":[{"embeddable":true,"href":"http:\/\/www.rincondelbulla.cl\/portal\/wp-json\/wp\/v2\/media\/10597"}],"wp:attachment":[{"href":"http:\/\/www.rincondelbulla.cl\/portal\/wp-json\/wp\/v2\/media?parent=10596"}],"wp:term":[{"taxonomy":"category","embeddable":true,"href":"http:\/\/www.rincondelbulla.cl\/portal\/wp-json\/wp\/v2\/categories?post=10596"},{"taxonomy":"post_tag","embeddable":true,"href":"http:\/\/www.rincondelbulla.cl\/portal\/wp-json\/wp\/v2\/tags?post=10596"}],"curies":[{"name":"wp","href":"https:\/\/api.w.org\/{rel}","templated":true}]}}