{"id":10638,"date":"2016-10-29T10:00:16","date_gmt":"2016-10-29T13:00:16","guid":{"rendered":"http:\/\/www.rincondelbulla.cl\/portal\/?p=10638"},"modified":"2016-10-28T21:42:14","modified_gmt":"2016-10-29T00:42:14","slug":"la-previa-victor-hugo-castaneda-enfrentara-a-un-viejo-conocido","status":"publish","type":"post","link":"http:\/\/www.rincondelbulla.cl\/portal\/2016\/10\/29\/la-previa-victor-hugo-castaneda-enfrentara-a-un-viejo-conocido\/","title":{"rendered":"La Previa: V\u00edctor Hugo Casta\u00f1eda enfrentar\u00e1 a un viejo conocido"},"content":{"rendered":"<p><img loading=\"lazy\" decoding=\"async\" class=\"aligncenter wp-image-10640 size-full\" src=\"http:\/\/www.rincondelbulla.cl\/portal\/wp-content\/uploads\/2016\/10\/14650194_10209686710978057_6314915614266796352_n.jpg\" alt=\"VHC\" width=\"960\" height=\"640\" srcset=\"http:\/\/www.rincondelbulla.cl\/portal\/wp-content\/uploads\/2016\/10\/14650194_10209686710978057_6314915614266796352_n.jpg 960w, http:\/\/www.rincondelbulla.cl\/portal\/wp-content\/uploads\/2016\/10\/14650194_10209686710978057_6314915614266796352_n-300x200.jpg 300w, http:\/\/www.rincondelbulla.cl\/portal\/wp-content\/uploads\/2016\/10\/14650194_10209686710978057_6314915614266796352_n-768x512.jpg 768w, http:\/\/www.rincondelbulla.cl\/portal\/wp-content\/uploads\/2016\/10\/14650194_10209686710978057_6314915614266796352_n-696x464.jpg 696w, http:\/\/www.rincondelbulla.cl\/portal\/wp-content\/uploads\/2016\/10\/14650194_10209686710978057_6314915614266796352_n-630x420.jpg 630w\" sizes=\"auto, (max-width: 960px) 100vw, 960px\" \/><\/p>\n<p><strong>Este domingo al mediod\u00eda, Universidad de Chile visitar\u00e1 Vi\u00f1a del Mar para jugar con Everton por la d\u00e9cima fecha del torneo. El encuentro se jugar\u00e1 sin p\u00fablico visitante.<\/strong><\/p>\n<p><!--more--><\/p>\n<p>Universidad de Chile pasa un momento complicado. Pese a cambiarle la cara al equipo en poco m\u00e1s de un mes de trabajo, los resultados no se le han dado a la dupla VHC-Musrri. Es por esto, que ante Everton la U necesita s\u00ed o s\u00ed sumar de a tres para seguir en carrera por el torneo nacional y pelear algo, luego de la eliminaci\u00f3n en Copa Chile.<\/p>\n<p>V\u00edctor Hugo Casta\u00f1eda se enfrenta a un viejo conocido como Everton de Vi\u00f1a del Mar, equipo al que dirigi\u00f3 por el 2013, a\u00f1o en que jugaron por \u00faltima vez <em>Ruleteros <\/em>y <em>Azules <\/em>en la quinta regi\u00f3n, espec\u00edficamente en Quillota.<\/p>\n<p>El resultado de aquel entonces fue 1-1 y para la U anot\u00f3 Sebasti\u00e1n Ubilla.<\/p>\n<p>Hoy desde la vereda contraria, V\u00edctor Hugo buscar\u00e1 mantener el poder ofensivo demostrado en el \u00faltimo partido frente a Cat\u00f3lica, corrigiendo eso s\u00ed los errores defensivos, que por ejemplo le permitieron a la UC marcar con pelota parada en dos oportunidades.<\/p>\n<p>A la cancha ir\u00eda un equipo similar al del Cl\u00e1sico Universitario, a excepci\u00f3n de Beausejour, que sali\u00f3 con una contractura, y Lorenzett\u00ed, que volver\u00eda a la titularidad.<\/p>\n<p>La U formar\u00eda con:<\/p>\n<p><strong>Fernando De Paul; Alejandro Contreras, Nicol\u00e1s Ram\u00edrez, V\u00edlches y Monz\u00f3n en el fondo; Mat\u00edas Rodr\u00edguez, Franz Schultz, Lorenzo Reyes, Gustavo Lorenzetti y Gast\u00f3n Fern\u00e1ndez en el medio; para dejar como \u00fanico delantero a Felipe Mora.<\/strong><\/p>\n<p>Los azules se encuentran actualmente en la duod\u00e9cima posici\u00f3n del torneo, pero de sumar de a tres el panorama mejorar\u00eda bastante, pudiendo situar al equipo en la parte alta.<\/p>\n","protected":false},"excerpt":{"rendered":"<p>Este domingo al mediod\u00eda, Universidad de Chile visitar\u00e1 Vi\u00f1a del Mar para jugar con Everton por la d\u00e9cima fecha del torneo. El encuentro se jugar\u00e1 sin p\u00fablico visitante.<\/p>\n","protected":false},"author":21383,"featured_media":10639,"comment_status":"closed","ping_status":"open","sticky":false,"template":"","format":"standard","meta":{"footnotes":""},"categories":[18],"tags":[240,214,893,157,939,938,902,924],"class_list":{"0":"post-10638","1":"post","2":"type-post","3":"status-publish","4":"format-standard","5":"has-post-thumbnail","7":"category-actualidad","8":"tag-everton","9":"tag-la-u","10":"tag-musrri","11":"tag-portada","12":"tag-sausalito","13":"tag-victor-hugo","14":"tag-victor-hugo-castaneda","15":"tag-vina-del-mar"},"_links":{"self":[{"href":"http:\/\/www.rincondelbulla.cl\/portal\/wp-json\/wp\/v2\/posts\/10638","targetHints":{"allow":["GET"]}}],"collection":[{"href":"http:\/\/www.rincondelbulla.cl\/portal\/wp-json\/wp\/v2\/posts"}],"about":[{"href":"http:\/\/www.rincondelbulla.cl\/portal\/wp-json\/wp\/v2\/types\/post"}],"author":[{"embeddable":true,"href":"http:\/\/www.rincondelbulla.cl\/portal\/wp-json\/wp\/v2\/users\/21383"}],"replies":[{"embeddable":true,"href":"http:\/\/www.rincondelbulla.cl\/portal\/wp-json\/wp\/v2\/comments?post=10638"}],"version-history":[{"count":1,"href":"http:\/\/www.rincondelbulla.cl\/portal\/wp-json\/wp\/v2\/posts\/10638\/revisions"}],"predecessor-version":[{"id":10641,"href":"http:\/\/www.rincondelbulla.cl\/portal\/wp-json\/wp\/v2\/posts\/10638\/revisions\/10641"}],"wp:featuredmedia":[{"embeddable":true,"href":"http:\/\/www.rincondelbulla.cl\/portal\/wp-json\/wp\/v2\/media\/10639"}],"wp:attachment":[{"href":"http:\/\/www.rincondelbulla.cl\/portal\/wp-json\/wp\/v2\/media?parent=10638"}],"wp:term":[{"taxonomy":"category","embeddable":true,"href":"http:\/\/www.rincondelbulla.cl\/portal\/wp-json\/wp\/v2\/categories?post=10638"},{"taxonomy":"post_tag","embeddable":true,"href":"http:\/\/www.rincondelbulla.cl\/portal\/wp-json\/wp\/v2\/tags?post=10638"}],"curies":[{"name":"wp","href":"https:\/\/api.w.org\/{rel}","templated":true}]}}