{"id":10646,"date":"2016-10-30T14:08:29","date_gmt":"2016-10-30T17:08:29","guid":{"rendered":"http:\/\/www.rincondelbulla.cl\/portal\/?p=10646"},"modified":"2016-10-30T14:29:02","modified_gmt":"2016-10-30T17:29:02","slug":"empate-con-gusto-a-nada-en-vina-del-mar","status":"publish","type":"post","link":"http:\/\/www.rincondelbulla.cl\/portal\/2016\/10\/30\/empate-con-gusto-a-nada-en-vina-del-mar\/","title":{"rendered":"Empate con gusto a nada en Vi\u00f1a del Mar"},"content":{"rendered":"<figure id=\"attachment_10647\" aria-describedby=\"caption-attachment-10647\" style=\"width: 1200px\" class=\"wp-caption alignnone\"><img loading=\"lazy\" decoding=\"async\" class=\"size-full wp-image-10647\" src=\"http:\/\/www.rincondelbulla.cl\/portal\/wp-content\/uploads\/2016\/10\/Everton.png\" alt=\"Foto: Agencia Uno\" width=\"1200\" height=\"575\" srcset=\"http:\/\/www.rincondelbulla.cl\/portal\/wp-content\/uploads\/2016\/10\/Everton.png 1200w, http:\/\/www.rincondelbulla.cl\/portal\/wp-content\/uploads\/2016\/10\/Everton-300x144.png 300w, http:\/\/www.rincondelbulla.cl\/portal\/wp-content\/uploads\/2016\/10\/Everton-768x368.png 768w, http:\/\/www.rincondelbulla.cl\/portal\/wp-content\/uploads\/2016\/10\/Everton-696x334.png 696w, http:\/\/www.rincondelbulla.cl\/portal\/wp-content\/uploads\/2016\/10\/Everton-1068x512.png 1068w, http:\/\/www.rincondelbulla.cl\/portal\/wp-content\/uploads\/2016\/10\/Everton-877x420.png 877w\" sizes=\"auto, (max-width: 1200px) 100vw, 1200px\" \/><figcaption id=\"caption-attachment-10647\" class=\"wp-caption-text\">Foto: Agencia Uno<\/figcaption><\/figure>\n<p><strong>En \u00abduelo de necesitados\u00bb, Ruleteros y Azules no pudieron sacarse ventaja y cerraron un empate que no sirve de mucho a ambos equipos.<\/strong><!--more--><\/p>\n<p>Las primeras aproximaciones fueron a favor del local, quien hasta los cinco minutos exigi\u00f3 t\u00edmidamente en dos ocasiones a Fernando De Paul. Desde los d\u00edas minutos, la \u00abU\u00bb logr\u00f3 comenzar a imponer su juego, cre\u00e1ndose algunas posibilidades, siendo la m\u00e1s destacable la de los 12&#8242;, cuando aprovechando un error en la zaga de Everton, Felipe Mora encar\u00f3 al arco de Eduardo Lobos, pero no pudo conectarse con Gast\u00f3n Fern\u00e1ndez.<\/p>\n<p>Fue la propia \u00abGata\u00bb quien logr\u00f3 la apertura de la cuenta en Vi\u00f1a del Mar, en los 22 minutos. Tiro de esquina\u00a0de Jonathan Zacar\u00edas, que es pivoteado en el \u00e1rea por Mora y Fern\u00e1ndez conecta de cabeza con el arco a su disposici\u00f3n.<\/p>\n<p>El empate para los \u00abRuleros\u00bb lleg\u00f3 en los 26&#8242;, tras un contragolpe que finaliz\u00f3 con un centro al \u00e1rea que Christian Vilches en su af\u00e1n de despejar el bal\u00f3n lo conect\u00f3, lo que descoloc\u00f3 a De Paul, anotando un\u00a0autogol.<\/p>\n<p>Cuando el primer tiempo conclu\u00eda y se hab\u00eda adicionado un minuto, Maximiliano Cerato sac\u00f3 un \u00abmisilazo\u00bb desde afuera del \u00e1rea que dej\u00f3 sin opci\u00f3n al portero azul, y dej\u00f3 en ventaja a Everton antes del descanso.<\/p>\n<p>Los primeros minutos del segundo tiempo, mostraron una \u00abU\u00bb m\u00e1s intensa en su juego, buscando llegar al empate. Pese a los intentos, la zaga local se cerr\u00f3 de buena forma, imposibilitando las ilusiones azules.<\/p>\n<p>En los 68&#8242;, Fernando De Paul se visti\u00f3 de h\u00e9roe al despejar de manera formidable un cabezazo en plena \u00e1rea azul, impidiendo el tercer gol para Everton.<\/p>\n<p>En los 81&#8242;, Gast\u00f3n Fern\u00e1ndez aprovech\u00f3 un tiro de Mario Brice\u00f1o que dio en el vertical del arco de Eduardo Lobos, para anotar el segundo gol de la \u00abU\u00bb, su seg\u00fan personal en el partido y el empate azul.<\/p>\n<p>En los 90&#8242;, Jonathan Zacar\u00edas tuvo una clara oportunidad para la ventaja de la \u00abU\u00bb, con un potente tiro desde afuera del \u00e1rea, la que dio en la parte baja del horizontal y no quiso entrar en el arco local.<\/p>\n<p>Igualdad final, que no sirve de mucho a ambos equipos, quienes ven alejarse la parte alta del Torneo Apertura 2016-2017 y la ilusi\u00f3n del t\u00edtulo.<\/p>\n<p>La pr\u00f3xima fecha, Universidad de Chile recibe en el Estadio Nacional al puntero Deportes Iquique, en lo que ser\u00e1 la celebraci\u00f3n del \u00abD\u00eda del Hincha Azul\u00bb y el despliegue de la Bandera Gigante Autogestionada. Las entradas de Galer\u00eda Sur para ese encuentro ya est\u00e1n agotadas.<\/p>\n","protected":false},"excerpt":{"rendered":"<p>En \u00abduelo de necesitados\u00bb, Ruleteros y Azules no pudieron sacarse ventaja y cerraron un empate que no sirve de mucho a ambos equipos.<\/p>\n","protected":false},"author":21382,"featured_media":10649,"comment_status":"closed","ping_status":"open","sticky":false,"template":"","format":"standard","meta":{"footnotes":""},"categories":[18],"tags":[454,940,572,818,711,942,424,240,539,855,943,782,842,859,941,157,825,294,156,924],"class_list":{"0":"post-10646","1":"post","2":"type-post","3":"status-publish","4":"format-standard","5":"has-post-thumbnail","7":"category-actualidad","8":"tag-actualidad","9":"tag-autogol","10":"tag-bandera-gigante","11":"tag-christian-vilches","12":"tag-deportes-iquique","13":"tag-eduardo-lobos","14":"tag-estadio-nacional","15":"tag-everton","16":"tag-felipe-mora","17":"tag-fernando-de-paul","18":"tag-galeria-sur","19":"tag-gaston-fernandez","20":"tag-jonathan-zacarias","21":"tag-mario-briceno","22":"tag-maximiliano-cerato","23":"tag-portada","24":"tag-torneo-apertura-2016-2017","25":"tag-u-de-chile","26":"tag-universidad-de-chile","27":"tag-vina-del-mar"},"_links":{"self":[{"href":"http:\/\/www.rincondelbulla.cl\/portal\/wp-json\/wp\/v2\/posts\/10646","targetHints":{"allow":["GET"]}}],"collection":[{"href":"http:\/\/www.rincondelbulla.cl\/portal\/wp-json\/wp\/v2\/posts"}],"about":[{"href":"http:\/\/www.rincondelbulla.cl\/portal\/wp-json\/wp\/v2\/types\/post"}],"author":[{"embeddable":true,"href":"http:\/\/www.rincondelbulla.cl\/portal\/wp-json\/wp\/v2\/users\/21382"}],"replies":[{"embeddable":true,"href":"http:\/\/www.rincondelbulla.cl\/portal\/wp-json\/wp\/v2\/comments?post=10646"}],"version-history":[{"count":1,"href":"http:\/\/www.rincondelbulla.cl\/portal\/wp-json\/wp\/v2\/posts\/10646\/revisions"}],"predecessor-version":[{"id":10648,"href":"http:\/\/www.rincondelbulla.cl\/portal\/wp-json\/wp\/v2\/posts\/10646\/revisions\/10648"}],"wp:featuredmedia":[{"embeddable":true,"href":"http:\/\/www.rincondelbulla.cl\/portal\/wp-json\/wp\/v2\/media\/10649"}],"wp:attachment":[{"href":"http:\/\/www.rincondelbulla.cl\/portal\/wp-json\/wp\/v2\/media?parent=10646"}],"wp:term":[{"taxonomy":"category","embeddable":true,"href":"http:\/\/www.rincondelbulla.cl\/portal\/wp-json\/wp\/v2\/categories?post=10646"},{"taxonomy":"post_tag","embeddable":true,"href":"http:\/\/www.rincondelbulla.cl\/portal\/wp-json\/wp\/v2\/tags?post=10646"}],"curies":[{"name":"wp","href":"https:\/\/api.w.org\/{rel}","templated":true}]}}