{"id":10679,"date":"2016-11-05T21:08:55","date_gmt":"2016-11-06T00:08:55","guid":{"rendered":"http:\/\/www.rincondelbulla.cl\/portal\/?p=10679"},"modified":"2016-11-07T10:54:55","modified_gmt":"2016-11-07T13:54:55","slug":"asi-se-vio-la-bandera-gigante","status":"publish","type":"post","link":"http:\/\/www.rincondelbulla.cl\/portal\/2016\/11\/05\/asi-se-vio-la-bandera-gigante\/","title":{"rendered":"Sue\u00f1o cumplido: As\u00ed se vio la Bandera Gigante"},"content":{"rendered":"<p><img loading=\"lazy\" decoding=\"async\" class=\"aligncenter size-full wp-image-10703\" src=\"http:\/\/www.rincondelbulla.cl\/portal\/wp-content\/uploads\/2016\/11\/Nota-bandera-I.jpg\" alt=\"nota-bandera-i\" width=\"1000\" height=\"667\" srcset=\"http:\/\/www.rincondelbulla.cl\/portal\/wp-content\/uploads\/2016\/11\/Nota-bandera-I.jpg 1000w, http:\/\/www.rincondelbulla.cl\/portal\/wp-content\/uploads\/2016\/11\/Nota-bandera-I-300x200.jpg 300w, http:\/\/www.rincondelbulla.cl\/portal\/wp-content\/uploads\/2016\/11\/Nota-bandera-I-768x512.jpg 768w, http:\/\/www.rincondelbulla.cl\/portal\/wp-content\/uploads\/2016\/11\/Nota-bandera-I-696x464.jpg 696w, http:\/\/www.rincondelbulla.cl\/portal\/wp-content\/uploads\/2016\/11\/Nota-bandera-I-630x420.jpg 630w\" sizes=\"auto, (max-width: 1000px) 100vw, 1000px\" \/><\/p>\n<p><strong>La idea que comenz\u00f3 a ser gestada en el a\u00f1o 2009, por fin pudo hacerse realidad este s\u00e1bado ante un impresionante marco de p\u00fablico que acompa\u00f1\u00f3 el hist\u00f3rico d\u00eda en el Estadio Nacional.<\/strong><\/p>\n<p><!--more--><\/p>\n<p>No hay plazo que no se cumpla, ni deuda que no se pague. El sue\u00f1o de desplegar la bandera Gigante Autogestionada 100% por los hinchas de la Universidad de Chile, ya es una realidad.<\/p>\n<p>Este s\u00e1bado, ante unos \u00a040 mil espectadores, el proyecto iniciado en el a\u00f1o 2009 por fin vio la luz, cuando cerca de las 20:20 hrs., \u00a0acompa\u00f1ada del himno de la \u201cU\u201d, banderas, globos, pirotecnia y la salida del plantel, comenz\u00f3 a emerger\u00a0por las grader\u00edas cubriendo totalmente los sectores de Galer\u00eda Sur y Andes.<\/p>\n<p>Fueron aproximadamente tres minutos, en que cada uno de los presentes en el Estadio nacional, se convirtieron parte de las historia de este club, siendo parte de una fiesta que sin duda quedar\u00e1 marcada a fuego en la memoria de quienes aman esta camiseta.<\/p>\n<p>La Bandera Gigante Autogestionada mide 370 metros de largo por 40 metros de ancho, cubriendo en total 16.650 metros cuadrados, y su peso total alcanza los 2.500 kilos, por lo que la organizaci\u00f3n debi\u00f3 trabajar incesantemente en la semana para ultimar los detalles que permitieran el \u00e9xito del despliegue total de ella.<\/p>\n<p>En su confecci\u00f3n, la bandera fue dividida en cinco partes. Tres de ellos contienen los s\u00edmbolos hist\u00f3ricos de la instituci\u00f3n, mientras que los restantes llevan las frases \u201cUniversidad de Chile\u201d y \u201cM\u00e1s All\u00e1 del Horizonte\u201d, que tanto nos caracteriza.<\/p>\n<figure id=\"attachment_10704\" aria-describedby=\"caption-attachment-10704\" style=\"width: 1000px\" class=\"wp-caption aligncenter\"><img loading=\"lazy\" decoding=\"async\" class=\"size-full wp-image-10704\" src=\"http:\/\/www.rincondelbulla.cl\/portal\/wp-content\/uploads\/2016\/11\/Nota-bandera-II.jpg\" alt=\"Foto: Claudio C\u00e1ceres \" width=\"1000\" height=\"667\" srcset=\"http:\/\/www.rincondelbulla.cl\/portal\/wp-content\/uploads\/2016\/11\/Nota-bandera-II.jpg 1000w, http:\/\/www.rincondelbulla.cl\/portal\/wp-content\/uploads\/2016\/11\/Nota-bandera-II-300x200.jpg 300w, http:\/\/www.rincondelbulla.cl\/portal\/wp-content\/uploads\/2016\/11\/Nota-bandera-II-768x512.jpg 768w, http:\/\/www.rincondelbulla.cl\/portal\/wp-content\/uploads\/2016\/11\/Nota-bandera-II-696x464.jpg 696w, http:\/\/www.rincondelbulla.cl\/portal\/wp-content\/uploads\/2016\/11\/Nota-bandera-II-630x420.jpg 630w\" sizes=\"auto, (max-width: 1000px) 100vw, 1000px\" \/><figcaption id=\"caption-attachment-10704\" class=\"wp-caption-text\">Foto: Claudio C\u00e1ceres<\/figcaption><\/figure>\n<p>&nbsp;<\/p>\n<p><img loading=\"lazy\" decoding=\"async\" class=\"alignnone size-full wp-image-10691\" src=\"http:\/\/www.rincondelbulla.cl\/portal\/wp-content\/uploads\/2016\/11\/WhatsApp-Image-2016-11-05-at-21.01.20.jpeg\" alt=\"whatsapp-image-2016-11-05-at-21-01-20\" width=\"1104\" height=\"624\" srcset=\"http:\/\/www.rincondelbulla.cl\/portal\/wp-content\/uploads\/2016\/11\/WhatsApp-Image-2016-11-05-at-21.01.20.jpeg 1104w, http:\/\/www.rincondelbulla.cl\/portal\/wp-content\/uploads\/2016\/11\/WhatsApp-Image-2016-11-05-at-21.01.20-300x170.jpeg 300w, http:\/\/www.rincondelbulla.cl\/portal\/wp-content\/uploads\/2016\/11\/WhatsApp-Image-2016-11-05-at-21.01.20-768x434.jpeg 768w, http:\/\/www.rincondelbulla.cl\/portal\/wp-content\/uploads\/2016\/11\/WhatsApp-Image-2016-11-05-at-21.01.20-696x393.jpeg 696w, http:\/\/www.rincondelbulla.cl\/portal\/wp-content\/uploads\/2016\/11\/WhatsApp-Image-2016-11-05-at-21.01.20-1068x604.jpeg 1068w, http:\/\/www.rincondelbulla.cl\/portal\/wp-content\/uploads\/2016\/11\/WhatsApp-Image-2016-11-05-at-21.01.20-743x420.jpeg 743w\" sizes=\"auto, (max-width: 1104px) 100vw, 1104px\" \/><\/p>\n<p><img loading=\"lazy\" decoding=\"async\" class=\"aligncenter size-full wp-image-10702\" src=\"http:\/\/www.rincondelbulla.cl\/portal\/wp-content\/uploads\/2016\/11\/WhatsApp-Image-2016-11-06-at-00.34.32.jpeg\" alt=\"whatsapp-image-2016-11-06-at-00-34-32\" width=\"640\" height=\"408\" srcset=\"http:\/\/www.rincondelbulla.cl\/portal\/wp-content\/uploads\/2016\/11\/WhatsApp-Image-2016-11-06-at-00.34.32.jpeg 640w, http:\/\/www.rincondelbulla.cl\/portal\/wp-content\/uploads\/2016\/11\/WhatsApp-Image-2016-11-06-at-00.34.32-300x191.jpeg 300w\" sizes=\"auto, (max-width: 640px) 100vw, 640px\" \/><\/p>\n","protected":false},"excerpt":{"rendered":"<p>La idea que comenz\u00f3 a ser gestada en el a\u00f1o 2009, por fin pudo hacerse realidad este s\u00e1bado ante un impresionante marco de p\u00fablico que acompa\u00f1\u00f3 el hist\u00f3rico d\u00eda en el Estadio Nacional.<\/p>\n","protected":false},"author":21382,"featured_media":10703,"comment_status":"closed","ping_status":"open","sticky":false,"template":"","format":"standard","meta":{"footnotes":""},"categories":[18],"tags":[454,468,892,572,424,948,943,949,157,294,156],"class_list":{"0":"post-10679","1":"post","2":"type-post","3":"status-publish","4":"format-standard","5":"has-post-thumbnail","7":"category-actualidad","8":"tag-actualidad","9":"tag-andes","10":"tag-autogestionada","11":"tag-bandera-gigante","12":"tag-estadio-nacional","13":"tag-galeria-norte","14":"tag-galeria-sur","15":"tag-mas-alla-del-horizonte","16":"tag-portada","17":"tag-u-de-chile","18":"tag-universidad-de-chile"},"_links":{"self":[{"href":"http:\/\/www.rincondelbulla.cl\/portal\/wp-json\/wp\/v2\/posts\/10679","targetHints":{"allow":["GET"]}}],"collection":[{"href":"http:\/\/www.rincondelbulla.cl\/portal\/wp-json\/wp\/v2\/posts"}],"about":[{"href":"http:\/\/www.rincondelbulla.cl\/portal\/wp-json\/wp\/v2\/types\/post"}],"author":[{"embeddable":true,"href":"http:\/\/www.rincondelbulla.cl\/portal\/wp-json\/wp\/v2\/users\/21382"}],"replies":[{"embeddable":true,"href":"http:\/\/www.rincondelbulla.cl\/portal\/wp-json\/wp\/v2\/comments?post=10679"}],"version-history":[{"count":8,"href":"http:\/\/www.rincondelbulla.cl\/portal\/wp-json\/wp\/v2\/posts\/10679\/revisions"}],"predecessor-version":[{"id":10725,"href":"http:\/\/www.rincondelbulla.cl\/portal\/wp-json\/wp\/v2\/posts\/10679\/revisions\/10725"}],"wp:featuredmedia":[{"embeddable":true,"href":"http:\/\/www.rincondelbulla.cl\/portal\/wp-json\/wp\/v2\/media\/10703"}],"wp:attachment":[{"href":"http:\/\/www.rincondelbulla.cl\/portal\/wp-json\/wp\/v2\/media?parent=10679"}],"wp:term":[{"taxonomy":"category","embeddable":true,"href":"http:\/\/www.rincondelbulla.cl\/portal\/wp-json\/wp\/v2\/categories?post=10679"},{"taxonomy":"post_tag","embeddable":true,"href":"http:\/\/www.rincondelbulla.cl\/portal\/wp-json\/wp\/v2\/tags?post=10679"}],"curies":[{"name":"wp","href":"https:\/\/api.w.org\/{rel}","templated":true}]}}