{"id":10748,"date":"2016-11-12T08:31:53","date_gmt":"2016-11-12T11:31:53","guid":{"rendered":"http:\/\/www.rincondelbulla.cl\/portal\/?p=10748"},"modified":"2016-11-12T20:44:48","modified_gmt":"2016-11-12T23:44:48","slug":"beccacece-se-reunio-con-parte-del-plantel","status":"publish","type":"post","link":"http:\/\/www.rincondelbulla.cl\/portal\/2016\/11\/12\/beccacece-se-reunio-con-parte-del-plantel\/","title":{"rendered":"Beccacece se reuni\u00f3 con parte del plantel"},"content":{"rendered":"<figure id=\"attachment_10749\" aria-describedby=\"caption-attachment-10749\" style=\"width: 700px\" class=\"wp-caption alignnone\"><img loading=\"lazy\" decoding=\"async\" class=\"size-full wp-image-10749\" src=\"http:\/\/www.rincondelbulla.cl\/portal\/wp-content\/uploads\/2016\/11\/Becaccece-700x440.jpg\" alt=\"Un restaurante en Vitacura fue el lugar escogido por algunos jugadores para reunirse con su ex DT. Foto: www.lacuarta.com\" width=\"700\" height=\"440\" srcset=\"http:\/\/www.rincondelbulla.cl\/portal\/wp-content\/uploads\/2016\/11\/Becaccece-700x440.jpg 700w, http:\/\/www.rincondelbulla.cl\/portal\/wp-content\/uploads\/2016\/11\/Becaccece-700x440-300x189.jpg 300w, http:\/\/www.rincondelbulla.cl\/portal\/wp-content\/uploads\/2016\/11\/Becaccece-700x440-696x437.jpg 696w, http:\/\/www.rincondelbulla.cl\/portal\/wp-content\/uploads\/2016\/11\/Becaccece-700x440-668x420.jpg 668w\" sizes=\"auto, (max-width: 700px) 100vw, 700px\" \/><figcaption id=\"caption-attachment-10749\" class=\"wp-caption-text\">Un restaurante en Vitacura fue el lugar escogido por algunos jugadores para reunirse con su ex DT. Foto: www.lacuarta.com<\/figcaption><\/figure>\n<p><strong>Desde que el trasandino dej\u00f3 la banca azul, no se sab\u00eda p\u00fablicamente que hubiese tenido alg\u00fan tipo de acercamiento con sus ex dirigidos.<\/strong><!--more--><\/p>\n<p>&nbsp;<\/p>\n<p>El diario La Cuarta, en su edici\u00f3n de este s\u00e1bado 12 de noviembre, inform\u00f3 que Sebasti\u00e1n Beccacece y algunos miembros del plantel de Universidad de Chile tuvieron un encuentro de camarader\u00eda durante la tarde de este viernes.<\/p>\n<p>Se trat\u00f3 de un almuerzo en un local ubicado en la comuna de Vitacura, hasta donde el ex entrenador de los azules lleg\u00f3, para encontrarse con jugadores como Mat\u00edas Rodr\u00edguez, Gustavo Lorenzetti, Gast\u00f3n Fern\u00e1ndez y el ex volante Guillermo Marino.<\/p>\n<p>La reuni\u00f3n se tratar\u00eda de una especie de \u201cdespedida\u201d para Beccacece ya que, seg\u00fan informa el diario, en los pr\u00f3ximos d\u00edas dejar\u00eda Chile para emigrar a la Argentina.<\/p>\n","protected":false},"excerpt":{"rendered":"<p>Desde que el trasandino dej\u00f3 la banca azul, no se sab\u00eda p\u00fablicamente que hubiese tenido alg\u00fan tipo de acercamiento con sus ex dirigidos.<\/p>\n","protected":false},"author":21382,"featured_media":8025,"comment_status":"closed","ping_status":"open","sticky":false,"template":"","format":"standard","meta":{"footnotes":""},"categories":[18],"tags":[454,920,514,430,782,57,78,960,65,848,157,537,294,156,959],"class_list":{"0":"post-10748","1":"post","2":"type-post","3":"status-publish","4":"format-standard","5":"has-post-thumbnail","7":"category-actualidad","8":"tag-actualidad","9":"tag-argentina","10":"tag-despedida","11":"tag-diario","12":"tag-gaston-fernandez","13":"tag-guillermo-marino","14":"tag-gustavo-lorenzetti","15":"tag-la-cuarta","16":"tag-matias-rodriguez","17":"tag-plantel","18":"tag-portada","19":"tag-sebastian-beccacece","20":"tag-u-de-chile","21":"tag-universidad-de-chile","22":"tag-vitacura"},"_links":{"self":[{"href":"http:\/\/www.rincondelbulla.cl\/portal\/wp-json\/wp\/v2\/posts\/10748","targetHints":{"allow":["GET"]}}],"collection":[{"href":"http:\/\/www.rincondelbulla.cl\/portal\/wp-json\/wp\/v2\/posts"}],"about":[{"href":"http:\/\/www.rincondelbulla.cl\/portal\/wp-json\/wp\/v2\/types\/post"}],"author":[{"embeddable":true,"href":"http:\/\/www.rincondelbulla.cl\/portal\/wp-json\/wp\/v2\/users\/21382"}],"replies":[{"embeddable":true,"href":"http:\/\/www.rincondelbulla.cl\/portal\/wp-json\/wp\/v2\/comments?post=10748"}],"version-history":[{"count":2,"href":"http:\/\/www.rincondelbulla.cl\/portal\/wp-json\/wp\/v2\/posts\/10748\/revisions"}],"predecessor-version":[{"id":10762,"href":"http:\/\/www.rincondelbulla.cl\/portal\/wp-json\/wp\/v2\/posts\/10748\/revisions\/10762"}],"wp:featuredmedia":[{"embeddable":true,"href":"http:\/\/www.rincondelbulla.cl\/portal\/wp-json\/wp\/v2\/media\/8025"}],"wp:attachment":[{"href":"http:\/\/www.rincondelbulla.cl\/portal\/wp-json\/wp\/v2\/media?parent=10748"}],"wp:term":[{"taxonomy":"category","embeddable":true,"href":"http:\/\/www.rincondelbulla.cl\/portal\/wp-json\/wp\/v2\/categories?post=10748"},{"taxonomy":"post_tag","embeddable":true,"href":"http:\/\/www.rincondelbulla.cl\/portal\/wp-json\/wp\/v2\/tags?post=10748"}],"curies":[{"name":"wp","href":"https:\/\/api.w.org\/{rel}","templated":true}]}}