{"id":10751,"date":"2016-11-12T12:15:16","date_gmt":"2016-11-12T15:15:16","guid":{"rendered":"http:\/\/www.rincondelbulla.cl\/portal\/?p=10751"},"modified":"2016-11-12T09:00:13","modified_gmt":"2016-11-12T12:00:13","slug":"guzman-pereira-y-la-u-espero-algun-dia-volver","status":"publish","type":"post","link":"http:\/\/www.rincondelbulla.cl\/portal\/2016\/11\/12\/guzman-pereira-y-la-u-espero-algun-dia-volver\/","title":{"rendered":"Guzm\u00e1n Pereira y la \u201cU\u201d: \u201cEspero alg\u00fan d\u00eda volver\u201d"},"content":{"rendered":"<p><img loading=\"lazy\" decoding=\"async\" class=\"alignnone size-full wp-image-5805\" src=\"http:\/\/www.rincondelbulla.cl\/portal\/wp-content\/uploads\/2014\/10\/guzman-pereira2.jpg\" alt=\"Guzm\u00e1n Pereira\" width=\"1100\" height=\"700\" srcset=\"http:\/\/www.rincondelbulla.cl\/portal\/wp-content\/uploads\/2014\/10\/guzman-pereira2.jpg 1100w, http:\/\/www.rincondelbulla.cl\/portal\/wp-content\/uploads\/2014\/10\/guzman-pereira2-300x191.jpg 300w, http:\/\/www.rincondelbulla.cl\/portal\/wp-content\/uploads\/2014\/10\/guzman-pereira2-768x489.jpg 768w, http:\/\/www.rincondelbulla.cl\/portal\/wp-content\/uploads\/2014\/10\/guzman-pereira2-696x443.jpg 696w, http:\/\/www.rincondelbulla.cl\/portal\/wp-content\/uploads\/2014\/10\/guzman-pereira2-1068x680.jpg 1068w, http:\/\/www.rincondelbulla.cl\/portal\/wp-content\/uploads\/2014\/10\/guzman-pereira2-660x420.jpg 660w\" sizes=\"auto, (max-width: 1100px) 100vw, 1100px\" \/><\/p>\n<p><strong>El ahora jugador de Pe\u00f1arol de Uruguay, convers\u00f3 con ADN Radio y tuvo palabras cr\u00edticas tambi\u00e9n para su ex entrenador y gestor de su salida de los azules: Sebasti\u00e1n Beccacece.<\/strong><!--more--><\/p>\n<p>Est\u00e1 a pr\u00e9stamo en su pa\u00eds natal, pero no deja de pensar en la \u201cU\u201d. Se trata de Ricardo Guzm\u00e1n Pereira, quien este semestre fue cedido a pr\u00e9stamo a Pe\u00f1arol, donde lleva un buen cometido.<\/p>\n<p><strong>\u00abYo jam\u00e1s me hubiese ido de la U, por lo menos en esta situaci\u00f3n, a pr\u00e9stamo. Pasaron cosas que uno no entiende. Uno es un hombre y siempre le gust\u00f3 que las cosas se le dijeran claramente. Eso no pas\u00f3 en la U\u00bb,<\/strong> dijo el charr\u00faa en entrevista concedida a ADN Radio.<\/p>\n<p>Consultado de c\u00f3mo se gest\u00f3 su salida del cuadro universitario, Guzm\u00e1n Pereira explic\u00f3 que <strong>\u00abSebasti\u00e1n (Beccacece) me dice que me deja ir no por el tema futbol\u00edstico, sino porque me habr\u00edan operado mal la rodilla. Que no pod\u00eda arriesgar a que me lesionara en el campeonato. Me pareci\u00f3 absurdo porque me oper\u00f3 uno de los mejores cirujanos de Chile y estaba en perfectas condiciones\u00bb.<\/strong><\/p>\n<p><strong>\u201cA uno le duele porque siempre me entregu\u00e9 al 100%. Que me dieran una excusa tan absurda como me dieron, la verdad es que duele.\u00a0Ojal\u00e1 un d\u00eda pueda volver\u00bb,<\/strong> agreg\u00f3 el volante, cuyo pr\u00e9stamo termina el primer semestre del 2017, cuando podr\u00eda volver al CDA.<\/p>\n<p>El ex seleccionado uruguayo tambi\u00e9n entreg\u00f3 su visi\u00f3n de las razones que podr\u00edan haber desencadenado la desvinculaci\u00f3n de Beccacece de la banca universitaria. <strong>\u00abEl\u00a0l\u00edder de un equipo debe saber lidiar con el grupo y \u00e9l no sab\u00eda. Por eso las cosas no se daban\u00bb<\/strong>, asegur\u00f3 Guzm\u00e1n Pereira.<\/p>\n<p>Sobre el magro momento futbol\u00edstico que muestra su ex equipo, el charr\u00faa dijo estar sorprendido, dada la calidad que tiene el actual plantel. <strong>\u00abMe extra\u00f1a por la cantidad y calidad de jugadores que tiene. Creo que han mejorado mucho, lo que pasa es que un momento tan malo no se puede mejorar de un instante a otro\u00bb<\/strong>, argument\u00f3.<\/p>\n","protected":false},"excerpt":{"rendered":"<p>El ahora jugador de Pe\u00f1arol de Uruguay, convers\u00f3 con ADN Radio y tuvo palabras cr\u00edticas tambi\u00e9n para su ex entrenador y gestor de su salida de los azules: Sebasti\u00e1n Beccacece.<\/p>\n","protected":false},"author":21382,"featured_media":7253,"comment_status":"closed","ping_status":"open","sticky":false,"template":"","format":"standard","meta":{"footnotes":""},"categories":[18],"tags":[454,961,288,248,801,157,537,294,156,282],"class_list":{"0":"post-10751","1":"post","2":"type-post","3":"status-publish","4":"format-standard","5":"has-post-thumbnail","7":"category-actualidad","8":"tag-actualidad","9":"tag-adn-radio","10":"tag-cda","11":"tag-guzman-pereria","12":"tag-penarol","13":"tag-portada","14":"tag-sebastian-beccacece","15":"tag-u-de-chile","16":"tag-universidad-de-chile","17":"tag-uruguay"},"_links":{"self":[{"href":"http:\/\/www.rincondelbulla.cl\/portal\/wp-json\/wp\/v2\/posts\/10751","targetHints":{"allow":["GET"]}}],"collection":[{"href":"http:\/\/www.rincondelbulla.cl\/portal\/wp-json\/wp\/v2\/posts"}],"about":[{"href":"http:\/\/www.rincondelbulla.cl\/portal\/wp-json\/wp\/v2\/types\/post"}],"author":[{"embeddable":true,"href":"http:\/\/www.rincondelbulla.cl\/portal\/wp-json\/wp\/v2\/users\/21382"}],"replies":[{"embeddable":true,"href":"http:\/\/www.rincondelbulla.cl\/portal\/wp-json\/wp\/v2\/comments?post=10751"}],"version-history":[{"count":1,"href":"http:\/\/www.rincondelbulla.cl\/portal\/wp-json\/wp\/v2\/posts\/10751\/revisions"}],"predecessor-version":[{"id":10752,"href":"http:\/\/www.rincondelbulla.cl\/portal\/wp-json\/wp\/v2\/posts\/10751\/revisions\/10752"}],"wp:featuredmedia":[{"embeddable":true,"href":"http:\/\/www.rincondelbulla.cl\/portal\/wp-json\/wp\/v2\/media\/7253"}],"wp:attachment":[{"href":"http:\/\/www.rincondelbulla.cl\/portal\/wp-json\/wp\/v2\/media?parent=10751"}],"wp:term":[{"taxonomy":"category","embeddable":true,"href":"http:\/\/www.rincondelbulla.cl\/portal\/wp-json\/wp\/v2\/categories?post=10751"},{"taxonomy":"post_tag","embeddable":true,"href":"http:\/\/www.rincondelbulla.cl\/portal\/wp-json\/wp\/v2\/tags?post=10751"}],"curies":[{"name":"wp","href":"https:\/\/api.w.org\/{rel}","templated":true}]}}