{"id":10753,"date":"2016-11-12T17:00:29","date_gmt":"2016-11-12T20:00:29","guid":{"rendered":"http:\/\/www.rincondelbulla.cl\/portal\/?p=10753"},"modified":"2016-11-12T09:20:31","modified_gmt":"2016-11-12T12:20:31","slug":"lorenzetti-la-quiere-hacer-de-oro-y-quedarse-con-el-botin","status":"publish","type":"post","link":"http:\/\/www.rincondelbulla.cl\/portal\/2016\/11\/12\/lorenzetti-la-quiere-hacer-de-oro-y-quedarse-con-el-botin\/","title":{"rendered":"Lorenzetti la quiere \u00abhacer de Oro\u00bb y quedarse con el Bot\u00edn"},"content":{"rendered":"<figure id=\"attachment_9510\" aria-describedby=\"caption-attachment-9510\" style=\"width: 960px\" class=\"wp-caption alignnone\"><img loading=\"lazy\" decoding=\"async\" class=\"size-full wp-image-9510\" src=\"http:\/\/www.rincondelbulla.cl\/portal\/wp-content\/uploads\/2016\/04\/Gustavo-Lorenzetti.jpg\" alt=\"&quot;Pap\u00e1 Pitufo&quot; es uno d elos elegidos para quedarse con el premio mayor, en la ceremonia que a\u00f1o a a\u00f1o efect\u00faa el medio deportivo. Foto: Patricio Gonz\u00e1lez\" width=\"960\" height=\"640\" srcset=\"http:\/\/www.rincondelbulla.cl\/portal\/wp-content\/uploads\/2016\/04\/Gustavo-Lorenzetti.jpg 960w, http:\/\/www.rincondelbulla.cl\/portal\/wp-content\/uploads\/2016\/04\/Gustavo-Lorenzetti-300x200.jpg 300w, http:\/\/www.rincondelbulla.cl\/portal\/wp-content\/uploads\/2016\/04\/Gustavo-Lorenzetti-768x512.jpg 768w, http:\/\/www.rincondelbulla.cl\/portal\/wp-content\/uploads\/2016\/04\/Gustavo-Lorenzetti-696x464.jpg 696w, http:\/\/www.rincondelbulla.cl\/portal\/wp-content\/uploads\/2016\/04\/Gustavo-Lorenzetti-630x420.jpg 630w\" sizes=\"auto, (max-width: 960px) 100vw, 960px\" \/><figcaption id=\"caption-attachment-9510\" class=\"wp-caption-text\">\u00abPap\u00e1 Pitufo\u00bb es uno d elos elegidos para quedarse con el premio mayor, en la ceremonia que a\u00f1o a a\u00f1o efect\u00faa el medio deportivo. Foto: Patricio Gonz\u00e1lez<\/figcaption><\/figure>\n<p><strong>Revista El Gr\u00e1fico Chile inici\u00f3 las votaciones para elegir al \u201cJugador m\u00e1s Popular\u201d del F\u00fatbol Chileno y el peque\u00f1o volante est\u00e1 entre los elegidos.<\/strong><br \/>\n<!--more--><\/p>\n<p>Si bien la \u201cU\u201d no ha tenido buenas actuaciones este semestre, uno que ha demostrado constancia y regularidad en su juego es Gustavo Lorenzetti, quien cada vez que le ha tocado sumar minutos, es un aporte al equipo.<\/p>\n<p>Por eso, El Gr\u00e1fico Chile lo incluy\u00f3 en la lista de jugadores que luchar\u00e1n este 2016 por quedarse con el Bot\u00edn de Oro, que premia al \u201cJugador m\u00e1s Popular\u201d.<\/p>\n<p>\u00bfQuieres votar y hacer que el Duende Azul se quede con el premio? Es f\u00e1cil. Haz <a href=\"http:\/\/www.elgraficochile.cl\/prontus_elgrafico\/site\/edic\/base\/port\/botin_jugador_popular.html\">click aqu\u00ed<\/a> y ya podr\u00e1s votar por \u00e9l.<\/p>\n<p>\u00a1\u00c9xito Gustavo!<\/p>\n","protected":false},"excerpt":{"rendered":"<p>Revista El Gr\u00e1fico Chile inici\u00f3 las votaciones para elegir al \u201cJugador m\u00e1s Popular\u201d del F\u00fatbol Chileno y el peque\u00f1o volante est\u00e1 entre los elegidos.<\/p>\n","protected":false},"author":21382,"featured_media":8118,"comment_status":"closed","ping_status":"open","sticky":false,"template":"","format":"standard","meta":{"footnotes":""},"categories":[18],"tags":[963,716,966,78,964,157,962,965],"class_list":{"0":"post-10753","1":"post","2":"type-post","3":"status-publish","4":"format-standard","5":"has-post-thumbnail","7":"category-actualidad","8":"tag-botin-de-oro","9":"tag-duende-azul","10":"tag-el-grafico-chile","11":"tag-gustavo-lorenzetti","12":"tag-jugador-mas-popular","13":"tag-portada","14":"tag-revista-el-grafico-chile","15":"tag-vota"},"_links":{"self":[{"href":"http:\/\/www.rincondelbulla.cl\/portal\/wp-json\/wp\/v2\/posts\/10753","targetHints":{"allow":["GET"]}}],"collection":[{"href":"http:\/\/www.rincondelbulla.cl\/portal\/wp-json\/wp\/v2\/posts"}],"about":[{"href":"http:\/\/www.rincondelbulla.cl\/portal\/wp-json\/wp\/v2\/types\/post"}],"author":[{"embeddable":true,"href":"http:\/\/www.rincondelbulla.cl\/portal\/wp-json\/wp\/v2\/users\/21382"}],"replies":[{"embeddable":true,"href":"http:\/\/www.rincondelbulla.cl\/portal\/wp-json\/wp\/v2\/comments?post=10753"}],"version-history":[{"count":4,"href":"http:\/\/www.rincondelbulla.cl\/portal\/wp-json\/wp\/v2\/posts\/10753\/revisions"}],"predecessor-version":[{"id":10757,"href":"http:\/\/www.rincondelbulla.cl\/portal\/wp-json\/wp\/v2\/posts\/10753\/revisions\/10757"}],"wp:featuredmedia":[{"embeddable":true,"href":"http:\/\/www.rincondelbulla.cl\/portal\/wp-json\/wp\/v2\/media\/8118"}],"wp:attachment":[{"href":"http:\/\/www.rincondelbulla.cl\/portal\/wp-json\/wp\/v2\/media?parent=10753"}],"wp:term":[{"taxonomy":"category","embeddable":true,"href":"http:\/\/www.rincondelbulla.cl\/portal\/wp-json\/wp\/v2\/categories?post=10753"},{"taxonomy":"post_tag","embeddable":true,"href":"http:\/\/www.rincondelbulla.cl\/portal\/wp-json\/wp\/v2\/tags?post=10753"}],"curies":[{"name":"wp","href":"https:\/\/api.w.org\/{rel}","templated":true}]}}