{"id":10766,"date":"2016-11-17T15:28:47","date_gmt":"2016-11-17T18:28:47","guid":{"rendered":"http:\/\/www.rincondelbulla.cl\/portal\/?p=10766"},"modified":"2016-11-17T15:29:15","modified_gmt":"2016-11-17T18:29:15","slug":"la-u-pierde-a-felipe-mora-nuevamente","status":"publish","type":"post","link":"http:\/\/www.rincondelbulla.cl\/portal\/2016\/11\/17\/la-u-pierde-a-felipe-mora-nuevamente\/","title":{"rendered":"La U pierde a Felipe Mora nuevamente"},"content":{"rendered":"<p><img loading=\"lazy\" decoding=\"async\" class=\"aligncenter wp-image-10350 size-full\" src=\"http:\/\/www.rincondelbulla.cl\/portal\/wp-content\/uploads\/2016\/09\/Felipe-Mora.jpg\" alt=\"felipe-mora\" width=\"943\" height=\"600\" srcset=\"http:\/\/www.rincondelbulla.cl\/portal\/wp-content\/uploads\/2016\/09\/Felipe-Mora.jpg 943w, http:\/\/www.rincondelbulla.cl\/portal\/wp-content\/uploads\/2016\/09\/Felipe-Mora-300x191.jpg 300w, http:\/\/www.rincondelbulla.cl\/portal\/wp-content\/uploads\/2016\/09\/Felipe-Mora-768x489.jpg 768w, http:\/\/www.rincondelbulla.cl\/portal\/wp-content\/uploads\/2016\/09\/Felipe-Mora-696x443.jpg 696w, http:\/\/www.rincondelbulla.cl\/portal\/wp-content\/uploads\/2016\/09\/Felipe-Mora-660x420.jpg 660w\" sizes=\"auto, (max-width: 943px) 100vw, 943px\" \/><\/p>\n<p><strong>Esta tarde se confirm\u00f3 una nueva baja para la U de cara al partido con Uni\u00f3n Espa\u00f1ola. Se trata de Felipe Mora, quien se perder\u00e1 el partido del pr\u00f3ximo s\u00e1bado.<\/strong><\/p>\n<p><!--more--><\/p>\n<p>El delantero se resinti\u00f3 de su antigua lesi\u00f3n, un esguince de rodilla, y ser\u00e1 sometido a ex\u00e1menes durante la tarde para confirmar la gravedad.<\/p>\n<p>&nbsp;<\/p>\n<blockquote class=\"twitter-tweet\">\n<p dir=\"ltr\" lang=\"es\">A esta hora Felipe Mora va rumbo a realizarse una resonancia despu\u00e9s de salir lesionado. Al parecer es de gravedad. (V\u00eda <a href=\"https:\/\/twitter.com\/CristianTomas_\">@CristianTomas_<\/a>) <a href=\"https:\/\/t.co\/9eUT4ipsv7\">pic.twitter.com\/9eUT4ipsv7<\/a><\/p>\n<p>\u2014 La U Radio.cl (@laUradio_cl) <a href=\"https:\/\/twitter.com\/laUradio_cl\/status\/799268722544431104\">17 de noviembre de 2016<\/a><\/p><\/blockquote>\n<p>Una mala noticia para la Universidad de Chile que pierde a uno de los pocos delanteros con los que cuenta en esta temporada.<\/p>\n","protected":false},"excerpt":{"rendered":"<p>Esta tarde se confirm\u00f3 una nueva baja para la U de cara al partido con Uni\u00f3n Espa\u00f1ola. Se trata de Felipe Mora, quien se perder\u00e1 el partido del pr\u00f3ximo s\u00e1bado.<\/p>\n","protected":false},"author":21383,"featured_media":10350,"comment_status":"closed","ping_status":"open","sticky":false,"template":"","format":"standard","meta":{"footnotes":""},"categories":[1],"tags":[539,630,157],"class_list":{"0":"post-10766","1":"post","2":"type-post","3":"status-publish","4":"format-standard","5":"has-post-thumbnail","7":"category-sin-categoria","8":"tag-felipe-mora","9":"tag-lesion","10":"tag-portada"},"_links":{"self":[{"href":"http:\/\/www.rincondelbulla.cl\/portal\/wp-json\/wp\/v2\/posts\/10766","targetHints":{"allow":["GET"]}}],"collection":[{"href":"http:\/\/www.rincondelbulla.cl\/portal\/wp-json\/wp\/v2\/posts"}],"about":[{"href":"http:\/\/www.rincondelbulla.cl\/portal\/wp-json\/wp\/v2\/types\/post"}],"author":[{"embeddable":true,"href":"http:\/\/www.rincondelbulla.cl\/portal\/wp-json\/wp\/v2\/users\/21383"}],"replies":[{"embeddable":true,"href":"http:\/\/www.rincondelbulla.cl\/portal\/wp-json\/wp\/v2\/comments?post=10766"}],"version-history":[{"count":1,"href":"http:\/\/www.rincondelbulla.cl\/portal\/wp-json\/wp\/v2\/posts\/10766\/revisions"}],"predecessor-version":[{"id":10767,"href":"http:\/\/www.rincondelbulla.cl\/portal\/wp-json\/wp\/v2\/posts\/10766\/revisions\/10767"}],"wp:featuredmedia":[{"embeddable":true,"href":"http:\/\/www.rincondelbulla.cl\/portal\/wp-json\/wp\/v2\/media\/10350"}],"wp:attachment":[{"href":"http:\/\/www.rincondelbulla.cl\/portal\/wp-json\/wp\/v2\/media?parent=10766"}],"wp:term":[{"taxonomy":"category","embeddable":true,"href":"http:\/\/www.rincondelbulla.cl\/portal\/wp-json\/wp\/v2\/categories?post=10766"},{"taxonomy":"post_tag","embeddable":true,"href":"http:\/\/www.rincondelbulla.cl\/portal\/wp-json\/wp\/v2\/tags?post=10766"}],"curies":[{"name":"wp","href":"https:\/\/api.w.org\/{rel}","templated":true}]}}