{"id":10773,"date":"2016-11-18T14:07:32","date_gmt":"2016-11-18T17:07:32","guid":{"rendered":"http:\/\/www.rincondelbulla.cl\/portal\/?p=10773"},"modified":"2016-11-18T14:07:32","modified_gmt":"2016-11-18T17:07:32","slug":"v-h-castaneda-mora-estara-tan-solo-una-semana-alejado-de-las-canchas","status":"publish","type":"post","link":"http:\/\/www.rincondelbulla.cl\/portal\/2016\/11\/18\/v-h-castaneda-mora-estara-tan-solo-una-semana-alejado-de-las-canchas\/","title":{"rendered":"V.H. Casta\u00f1eda \u00abMora estar\u00e1 tan solo una semana alejado de las canchas\u00bb"},"content":{"rendered":"<p><img loading=\"lazy\" decoding=\"async\" class=\"alignnone size-full wp-image-10478\" src=\"http:\/\/www.rincondelbulla.cl\/portal\/wp-content\/uploads\/2016\/10\/V\u00edctor-Hugo-Casta\u00f1eda-2.jpg\" alt=\"victor-hugo-castaneda-2\" width=\"2048\" height=\"1365\" srcset=\"http:\/\/www.rincondelbulla.cl\/portal\/wp-content\/uploads\/2016\/10\/V\u00edctor-Hugo-Casta\u00f1eda-2.jpg 2048w, http:\/\/www.rincondelbulla.cl\/portal\/wp-content\/uploads\/2016\/10\/V\u00edctor-Hugo-Casta\u00f1eda-2-300x200.jpg 300w, http:\/\/www.rincondelbulla.cl\/portal\/wp-content\/uploads\/2016\/10\/V\u00edctor-Hugo-Casta\u00f1eda-2-768x512.jpg 768w, http:\/\/www.rincondelbulla.cl\/portal\/wp-content\/uploads\/2016\/10\/V\u00edctor-Hugo-Casta\u00f1eda-2-1200x800.jpg 1200w, http:\/\/www.rincondelbulla.cl\/portal\/wp-content\/uploads\/2016\/10\/V\u00edctor-Hugo-Casta\u00f1eda-2-696x464.jpg 696w, http:\/\/www.rincondelbulla.cl\/portal\/wp-content\/uploads\/2016\/10\/V\u00edctor-Hugo-Casta\u00f1eda-2-1068x712.jpg 1068w, http:\/\/www.rincondelbulla.cl\/portal\/wp-content\/uploads\/2016\/10\/V\u00edctor-Hugo-Casta\u00f1eda-2-630x420.jpg 630w\" sizes=\"auto, (max-width: 2048px) 100vw, 2048px\" \/><\/p>\n<p><b>V\u00edctor<\/b><strong>\u00a0Hugo Casta\u00f1eda esta vez si acudio a la conferencia de prensa previa al encuentro del fin de semana, recordemos que en los encuentros anteriores lo hac\u00eda Luis Musrri, y en la sala de prensa azul aseguro que Mora estar\u00e1 tan solo una fecha fuera de las canchas.<\/strong><!--more--><\/p>\n<p><strong>Gonzalo Jara<\/strong> \u00abEs importante contar con un jugador como Gonzalo Jara. Ni \u00e9l ni la U se pueden dar el lujo de tenerlo fuera un tercio del torneo. Por n\u00fameros y categor\u00eda, Gonzalo deber\u00eda haber sido el jugador m\u00e1s jerarqu\u00eda del campeonato. Pero ya lo hemos hablado con \u00e9l\u00bb<\/p>\n<p><strong>Jean Beausejour<\/strong> \u00abQuiz\u00e1s por el entendimiento con sus compa\u00f1eros, Jean ha tenido un rendimiento m\u00e1s alto en la Selecci\u00f3n que en la U. Pero el sabe que debe rendir mucho m\u00e1s ac\u00e1. Es muy autocr\u00edtico. Hemos trabajado para que tenga un rendimiento similar ac\u00e1, pero estamos contentos con lo que mostr\u00f3 en la Selecci\u00f3n; le da confianza para rendir mejor aqu\u00ed en la U\u00bb<\/p>\n<p><strong>Uni\u00f3n Espa\u00f1ola<\/strong> \u201cPalermo tiene raz\u00f3n en que la U es un grande y en la instancia en que est\u00e9 no va a dejar de ser un grande. A lo mejor no hemos estado a la altura. Ma\u00f1ana, como grande, tenemos que ir a buscar el partido, sabiendo que la Uni\u00f3n se acomoda bastante y sale r\u00e1pido en transiciones. Trataremos de minimizar los riesgos que nos den Salom y Chur\u00edn. Todos los jugadores de Uni\u00f3n tienen sus caracter\u00edsticas bien espec\u00edficas. Los que m\u00e1s se han hecho notar son los que hacen los goles. Si Uni\u00f3n te hace el primer gol, esos son con espacios te pueden hacer pasar un mal rato. A cualquier defensa\u201d<\/p>\n<p><strong>Lesionados<\/strong> \u00abSi bien no tendremos a V\u00edlches, Mora y Ram\u00edrez, tenemos el alta m\u00e9dica de Mat\u00edas Rodr\u00edguez y Maturana est\u00e1 dentro de los citados. Estamos optimistas\u00bb<\/p>\n<p><strong>Felipe Mora<\/strong> \u201cTemimos lo peor. En principio, la lesi\u00f3n pareci\u00f3 muy fea y con el infortunio que hemos tenido, temimos lo peor. Afortunadamente, no fue as\u00ed y estar\u00e1 tan solo una semana alejado de las canchas\u201d.<\/p>\n","protected":false},"excerpt":{"rendered":"<p>V\u00edctor\u00a0Hugo Casta\u00f1eda esta vez si acudio a la conferencia de prensa previa al encuentro del fin de semana, recordemos que en los encuentros anteriores lo hac\u00eda Luis Musrri, y en la sala de prensa azul aseguro que Mora estar\u00e1 tan solo una fecha fuera de las canchas.<\/p>\n","protected":false},"author":21381,"featured_media":10478,"comment_status":"closed","ping_status":"open","sticky":false,"template":"","format":"standard","meta":{"footnotes":""},"categories":[18],"tags":[539,825,470,894,902],"class_list":{"0":"post-10773","1":"post","2":"type-post","3":"status-publish","4":"format-standard","5":"has-post-thumbnail","7":"category-actualidad","8":"tag-felipe-mora","10":"tag-union-espanola","11":"tag-vh-castaneda","12":"tag-victor-hugo-castaneda"},"_links":{"self":[{"href":"http:\/\/www.rincondelbulla.cl\/portal\/wp-json\/wp\/v2\/posts\/10773","targetHints":{"allow":["GET"]}}],"collection":[{"href":"http:\/\/www.rincondelbulla.cl\/portal\/wp-json\/wp\/v2\/posts"}],"about":[{"href":"http:\/\/www.rincondelbulla.cl\/portal\/wp-json\/wp\/v2\/types\/post"}],"author":[{"embeddable":true,"href":"http:\/\/www.rincondelbulla.cl\/portal\/wp-json\/wp\/v2\/users\/21381"}],"replies":[{"embeddable":true,"href":"http:\/\/www.rincondelbulla.cl\/portal\/wp-json\/wp\/v2\/comments?post=10773"}],"version-history":[{"count":1,"href":"http:\/\/www.rincondelbulla.cl\/portal\/wp-json\/wp\/v2\/posts\/10773\/revisions"}],"predecessor-version":[{"id":10774,"href":"http:\/\/www.rincondelbulla.cl\/portal\/wp-json\/wp\/v2\/posts\/10773\/revisions\/10774"}],"wp:featuredmedia":[{"embeddable":true,"href":"http:\/\/www.rincondelbulla.cl\/portal\/wp-json\/wp\/v2\/media\/10478"}],"wp:attachment":[{"href":"http:\/\/www.rincondelbulla.cl\/portal\/wp-json\/wp\/v2\/media?parent=10773"}],"wp:term":[{"taxonomy":"category","embeddable":true,"href":"http:\/\/www.rincondelbulla.cl\/portal\/wp-json\/wp\/v2\/categories?post=10773"},{"taxonomy":"post_tag","embeddable":true,"href":"http:\/\/www.rincondelbulla.cl\/portal\/wp-json\/wp\/v2\/tags?post=10773"}],"curies":[{"name":"wp","href":"https:\/\/api.w.org\/{rel}","templated":true}]}}