{"id":10797,"date":"2016-11-22T11:30:18","date_gmt":"2016-11-22T14:30:18","guid":{"rendered":"http:\/\/www.rincondelbulla.cl\/portal\/?p=10797"},"modified":"2016-11-22T11:47:35","modified_gmt":"2016-11-22T14:47:35","slug":"hinchas-azules-organizan-foro-para-hablar-sobre-la-recuperacion-del-club","status":"publish","type":"post","link":"http:\/\/www.rincondelbulla.cl\/portal\/2016\/11\/22\/hinchas-azules-organizan-foro-para-hablar-sobre-la-recuperacion-del-club\/","title":{"rendered":"Hinchas azules organizan foro para hablar sobre la recuperaci\u00f3n del Club"},"content":{"rendered":"<figure id=\"attachment_10655\" aria-describedby=\"caption-attachment-10655\" style=\"width: 1086px\" class=\"wp-caption aligncenter\"><img loading=\"lazy\" decoding=\"async\" class=\"size-full wp-image-10655\" src=\"http:\/\/www.rincondelbulla.cl\/portal\/wp-content\/uploads\/2016\/11\/6.jpg\" alt=\"Foto: Claudio C\u00e1ceres\" width=\"1086\" height=\"724\" srcset=\"http:\/\/www.rincondelbulla.cl\/portal\/wp-content\/uploads\/2016\/11\/6.jpg 1086w, http:\/\/www.rincondelbulla.cl\/portal\/wp-content\/uploads\/2016\/11\/6-300x200.jpg 300w, http:\/\/www.rincondelbulla.cl\/portal\/wp-content\/uploads\/2016\/11\/6-768x512.jpg 768w, http:\/\/www.rincondelbulla.cl\/portal\/wp-content\/uploads\/2016\/11\/6-696x464.jpg 696w, http:\/\/www.rincondelbulla.cl\/portal\/wp-content\/uploads\/2016\/11\/6-1068x712.jpg 1068w, http:\/\/www.rincondelbulla.cl\/portal\/wp-content\/uploads\/2016\/11\/6-630x420.jpg 630w\" sizes=\"auto, (max-width: 1086px) 100vw, 1086px\" \/><figcaption id=\"caption-attachment-10655\" class=\"wp-caption-text\">Foto: Claudio C\u00e1ceres<\/figcaption><\/figure>\n<p><strong>La Asamblea de Hinchas Azules y Los de Abjo est\u00e1n convocando a esta actividad para conversar sobre la actual situaci\u00f3n administrativa que vive Universidad de Chile.<\/strong><!--more--><\/p>\n<p>En la U est\u00e1n pasando cosas m\u00e1s all\u00e1 de la cancha y es que un grupo de hinchas se ha estado organizando por a\u00f1os para lograr terminar con la S.A. que administra actualmente a la U y volver a la CORFUCH.<\/p>\n<p>En este contexto es que se organiz\u00f3 para este s\u00e1bado 26 de noviembre a las 11 de la ma\u00f1ana un Foro Informativo para dar a conocer todo lo que ha estado sucediendo en torno a la recuperaci\u00f3n del Club para sus hinchas, el cual lleva el nombre de \u00ab\u00bf<strong>Qu\u00e9 est\u00e1 pasando con la recuperaci\u00f3n de la U<\/strong>?\u00bb y que abordar\u00e1 los temas de la Quiebra, la Ley SADP, Proyecto de Modificaci\u00f3n y CORFUCH.<\/p>\n<p>La cita ser\u00e1 en en la Casona de la Federaci\u00f3n de Estudiantes de la Universidad de Chile (FECH) que est\u00e1 ubicada en la calle Periodista Jos\u00e9 Carrasco Tapia #9 a la altura de la EStaci\u00f3n del metro Baquedano.<\/p>\n<p>La entrada es abierta para todos quienes deseen interiorizarse sobre este importante tema.<\/p>\n<p><img loading=\"lazy\" decoding=\"async\" class=\"aligncenter size-full wp-image-10799\" src=\"http:\/\/www.rincondelbulla.cl\/portal\/wp-content\/uploads\/2016\/11\/WhatsApp-Image-2016-11-21-at-22.54.57.jpeg\" alt=\"Foro\" width=\"720\" height=\"720\" srcset=\"http:\/\/www.rincondelbulla.cl\/portal\/wp-content\/uploads\/2016\/11\/WhatsApp-Image-2016-11-21-at-22.54.57.jpeg 720w, http:\/\/www.rincondelbulla.cl\/portal\/wp-content\/uploads\/2016\/11\/WhatsApp-Image-2016-11-21-at-22.54.57-150x150.jpeg 150w, http:\/\/www.rincondelbulla.cl\/portal\/wp-content\/uploads\/2016\/11\/WhatsApp-Image-2016-11-21-at-22.54.57-300x300.jpeg 300w, http:\/\/www.rincondelbulla.cl\/portal\/wp-content\/uploads\/2016\/11\/WhatsApp-Image-2016-11-21-at-22.54.57-696x696.jpeg 696w, http:\/\/www.rincondelbulla.cl\/portal\/wp-content\/uploads\/2016\/11\/WhatsApp-Image-2016-11-21-at-22.54.57-420x420.jpeg 420w\" sizes=\"auto, (max-width: 720px) 100vw, 720px\" \/><\/p>\n","protected":false},"excerpt":{"rendered":"<p>La Asamblea de Hinchas Azules y Los de Abjo est\u00e1n convocando a esta actividad para conversar sobre la actual situaci\u00f3n administrativa que vive Universidad de Chile.<\/p>\n","protected":false},"author":56,"featured_media":10655,"comment_status":"closed","ping_status":"open","sticky":false,"template":"","format":"standard","meta":{"footnotes":""},"categories":[18],"tags":[454,971,102,157,970,156],"class_list":{"0":"post-10797","1":"post","2":"type-post","3":"status-publish","4":"format-standard","5":"has-post-thumbnail","7":"category-actualidad","8":"tag-actualidad","9":"tag-corfuch","10":"tag-los-de-abajo","11":"tag-portada","12":"tag-sa","13":"tag-universidad-de-chile"},"_links":{"self":[{"href":"http:\/\/www.rincondelbulla.cl\/portal\/wp-json\/wp\/v2\/posts\/10797","targetHints":{"allow":["GET"]}}],"collection":[{"href":"http:\/\/www.rincondelbulla.cl\/portal\/wp-json\/wp\/v2\/posts"}],"about":[{"href":"http:\/\/www.rincondelbulla.cl\/portal\/wp-json\/wp\/v2\/types\/post"}],"author":[{"embeddable":true,"href":"http:\/\/www.rincondelbulla.cl\/portal\/wp-json\/wp\/v2\/users\/56"}],"replies":[{"embeddable":true,"href":"http:\/\/www.rincondelbulla.cl\/portal\/wp-json\/wp\/v2\/comments?post=10797"}],"version-history":[{"count":2,"href":"http:\/\/www.rincondelbulla.cl\/portal\/wp-json\/wp\/v2\/posts\/10797\/revisions"}],"predecessor-version":[{"id":10800,"href":"http:\/\/www.rincondelbulla.cl\/portal\/wp-json\/wp\/v2\/posts\/10797\/revisions\/10800"}],"wp:featuredmedia":[{"embeddable":true,"href":"http:\/\/www.rincondelbulla.cl\/portal\/wp-json\/wp\/v2\/media\/10655"}],"wp:attachment":[{"href":"http:\/\/www.rincondelbulla.cl\/portal\/wp-json\/wp\/v2\/media?parent=10797"}],"wp:term":[{"taxonomy":"category","embeddable":true,"href":"http:\/\/www.rincondelbulla.cl\/portal\/wp-json\/wp\/v2\/categories?post=10797"},{"taxonomy":"post_tag","embeddable":true,"href":"http:\/\/www.rincondelbulla.cl\/portal\/wp-json\/wp\/v2\/tags?post=10797"}],"curies":[{"name":"wp","href":"https:\/\/api.w.org\/{rel}","templated":true}]}}