{"id":10801,"date":"2016-11-22T16:10:09","date_gmt":"2016-11-22T19:10:09","guid":{"rendered":"http:\/\/www.rincondelbulla.cl\/portal\/?p=10801"},"modified":"2016-11-22T16:10:09","modified_gmt":"2016-11-22T19:10:09","slug":"zacarias-respalda-al-cuerpo-tecnico-y-pide-continuidad-de-vh-y-musrri","status":"publish","type":"post","link":"http:\/\/www.rincondelbulla.cl\/portal\/2016\/11\/22\/zacarias-respalda-al-cuerpo-tecnico-y-pide-continuidad-de-vh-y-musrri\/","title":{"rendered":"Zacar\u00edas respalda al Cuerpo T\u00e9cnico y pide continuidad de VH y Musrri"},"content":{"rendered":"<figure id=\"attachment_10790\" aria-describedby=\"caption-attachment-10790\" style=\"width: 2048px\" class=\"wp-caption aligncenter\"><img loading=\"lazy\" decoding=\"async\" class=\"size-full wp-image-10790\" src=\"http:\/\/www.rincondelbulla.cl\/portal\/wp-content\/uploads\/2016\/11\/Jonathan-Zacar\u00edas.jpg\" alt=\"Foto: Patricio Gonz\u00e1lez\" width=\"2048\" height=\"1365\" srcset=\"http:\/\/www.rincondelbulla.cl\/portal\/wp-content\/uploads\/2016\/11\/Jonathan-Zacar\u00edas.jpg 2048w, http:\/\/www.rincondelbulla.cl\/portal\/wp-content\/uploads\/2016\/11\/Jonathan-Zacar\u00edas-300x200.jpg 300w, http:\/\/www.rincondelbulla.cl\/portal\/wp-content\/uploads\/2016\/11\/Jonathan-Zacar\u00edas-768x512.jpg 768w, http:\/\/www.rincondelbulla.cl\/portal\/wp-content\/uploads\/2016\/11\/Jonathan-Zacar\u00edas-1200x800.jpg 1200w, http:\/\/www.rincondelbulla.cl\/portal\/wp-content\/uploads\/2016\/11\/Jonathan-Zacar\u00edas-696x464.jpg 696w, http:\/\/www.rincondelbulla.cl\/portal\/wp-content\/uploads\/2016\/11\/Jonathan-Zacar\u00edas-1068x712.jpg 1068w, http:\/\/www.rincondelbulla.cl\/portal\/wp-content\/uploads\/2016\/11\/Jonathan-Zacar\u00edas-630x420.jpg 630w\" sizes=\"auto, (max-width: 2048px) 100vw, 2048px\" \/><figcaption id=\"caption-attachment-10790\" class=\"wp-caption-text\">Foto: Patricio Gonz\u00e1lez<\/figcaption><\/figure>\n<p><strong>Quien fuera figura descollante en el \u00faltimo partido de la U entreg\u00f3 su respaldo al trabajo que realiza la dupla t\u00e9cnica azul y asegur\u00f3 que merecen una oportunidad en relaci\u00f3n a la posible continuidad de la hist\u00f3rica dupla.<\/strong><!--more--><\/p>\n<p>Universidad de Chile debe ganar sus pr\u00f3ximos tres compromisos si es que pretende clasificar a una torneo internacional para el pr\u00f3ximo a\u00f1o. El plantel tiene claro el objetivo y desde ya adelantaron que los pr\u00f3ximos duelos ser\u00e1n finales que de cualquier forma deben ganar.<\/p>\n<p>En ese contexto el volante, Jonathan Zacar\u00edas analiz\u00f3 el presente azul y las proyecciones del equipo al mando de VH Casta\u00f1eda y Luis Musrri en conferencia de prensa ofrecida en el CDA.<\/p>\n<p>Zacar\u00edas respald\u00f3 al actual cuerpo t\u00e9cnico y pidi\u00f3 la continuidad de \u00e9ste para la pr\u00f3xima temporada, \u00ab<strong>Nosotros no somos los que tomaremos esa decisi\u00f3n, pero la verdad es que deben tener una posibilidad.Desde que llegaron nosotros entendimos que ten\u00edan ganas de trabajar, ellos lo plantearon as\u00ed y la verdad nos sentimos c\u00f3modos. Tenemos que responderles con triunfos dentro de la cancha\u00bb, <\/strong>se\u00f1al\u00f3.<\/p>\n<p><strong>El nivel colectivo mostrado ante Uni\u00f3n Espa\u00f1ola<\/strong>:Lo del partido con Uni\u00f3n Espa\u00f1ola son circunstancias del encuentro. Despu\u00e9s del gol nos quisimos levantar y nos encontramos con otro tanto en contra. En el segundo tiempo pr\u00e1cticamente los pasamos por arriba. No podemos regalar 45 minutos porque despu\u00e9s nos cuesta el doble.<\/p>\n<p><strong>Su posici\u00f3n en el partido ante los hispanos<\/strong>: No hab\u00eda jugado nunca en esa posici\u00f3n o creo que una vez cuando estaba en Palestino. Me sent\u00ed c\u00f3modo, al principio estaba algo perdido, pero con el correr del partido me fui acomodando.<\/p>\n<p><strong>El objetivo de un torneo internacional<\/strong>: Nos quedan tres finales y debemos ganarlas para clasificar alg\u00fan torneo internacional. Sabemos que estamos cerca del objetivo que nos planteamos aunque del campeonato pr\u00e1cticamente estemos fuera. Va a ser clave para nuestra meta.Nos toca con rivales directos como Temuco. Son partidos dif\u00edciles, pero si seguimos con las mismas ganas que venimos mostrando creo que lo vamos a alcanzar.<\/p>\n<p><strong>La pol\u00e9mica del almuerzo entre jugadores y Beccacece: <\/strong>Si ellos (Lorenzetti, Rodr\u00edguez y Fern\u00e1ndez) son amigos (de Beccacece) fuera del club no tiene ning\u00fan problema. Pueden tener una amistad aparte del f\u00fatbol. Cada uno tiene sus amistades y eso no cambia en nada.<\/p>\n<p>Revisa la conferencia completa aqu\u00ed:<\/p>\n<p><iframe loading=\"lazy\" style=\"border: none; overflow: hidden;\" src=\"https:\/\/www.facebook.com\/plugins\/video.php?href=https%3A%2F%2Fwww.facebook.com%2Fclubuniversidaddechileoficial%2Fvideos%2F1526536527361415%2F&amp;show_text=0&amp;width=400\" width=\"400\" height=\"400\" frameborder=\"0\" scrolling=\"no\" allowfullscreen=\"allowfullscreen\"><\/iframe><\/p>\n","protected":false},"excerpt":{"rendered":"<p>Quien fuera figura descollante en el \u00faltimo partido de la U entreg\u00f3 su respaldo al trabajo que realiza la dupla t\u00e9cnica azul y asegur\u00f3 que merecen una oportunidad en relaci\u00f3n a la posible continuidad de la hist\u00f3rica dupla.<\/p>\n","protected":false},"author":56,"featured_media":10790,"comment_status":"closed","ping_status":"open","sticky":false,"template":"","format":"standard","meta":{"footnotes":""},"categories":[18],"tags":[454,973,157,156,972],"class_list":{"0":"post-10801","1":"post","2":"type-post","3":"status-publish","4":"format-standard","5":"has-post-thumbnail","7":"category-actualidad","8":"tag-actualidad","9":"tag-apertura-2016-2017","10":"tag-portada","11":"tag-universidad-de-chile","12":"tag-zacarias"},"_links":{"self":[{"href":"http:\/\/www.rincondelbulla.cl\/portal\/wp-json\/wp\/v2\/posts\/10801","targetHints":{"allow":["GET"]}}],"collection":[{"href":"http:\/\/www.rincondelbulla.cl\/portal\/wp-json\/wp\/v2\/posts"}],"about":[{"href":"http:\/\/www.rincondelbulla.cl\/portal\/wp-json\/wp\/v2\/types\/post"}],"author":[{"embeddable":true,"href":"http:\/\/www.rincondelbulla.cl\/portal\/wp-json\/wp\/v2\/users\/56"}],"replies":[{"embeddable":true,"href":"http:\/\/www.rincondelbulla.cl\/portal\/wp-json\/wp\/v2\/comments?post=10801"}],"version-history":[{"count":1,"href":"http:\/\/www.rincondelbulla.cl\/portal\/wp-json\/wp\/v2\/posts\/10801\/revisions"}],"predecessor-version":[{"id":10802,"href":"http:\/\/www.rincondelbulla.cl\/portal\/wp-json\/wp\/v2\/posts\/10801\/revisions\/10802"}],"wp:featuredmedia":[{"embeddable":true,"href":"http:\/\/www.rincondelbulla.cl\/portal\/wp-json\/wp\/v2\/media\/10790"}],"wp:attachment":[{"href":"http:\/\/www.rincondelbulla.cl\/portal\/wp-json\/wp\/v2\/media?parent=10801"}],"wp:term":[{"taxonomy":"category","embeddable":true,"href":"http:\/\/www.rincondelbulla.cl\/portal\/wp-json\/wp\/v2\/categories?post=10801"},{"taxonomy":"post_tag","embeddable":true,"href":"http:\/\/www.rincondelbulla.cl\/portal\/wp-json\/wp\/v2\/tags?post=10801"}],"curies":[{"name":"wp","href":"https:\/\/api.w.org\/{rel}","templated":true}]}}