{"id":10805,"date":"2016-11-22T16:38:57","date_gmt":"2016-11-22T19:38:57","guid":{"rendered":"http:\/\/www.rincondelbulla.cl\/portal\/?p=10805"},"modified":"2016-11-22T16:38:57","modified_gmt":"2016-11-22T19:38:57","slug":"video-el-despliegue-de-la-bandera-gigante-desde-una-gopro","status":"publish","type":"post","link":"http:\/\/www.rincondelbulla.cl\/portal\/2016\/11\/22\/video-el-despliegue-de-la-bandera-gigante-desde-una-gopro\/","title":{"rendered":"[VIDEO] El despliegue de La Bandera Gigante desde una GoPro"},"content":{"rendered":"<figure id=\"attachment_10704\" aria-describedby=\"caption-attachment-10704\" style=\"width: 1000px\" class=\"wp-caption aligncenter\"><img loading=\"lazy\" decoding=\"async\" class=\"size-full wp-image-10704\" src=\"http:\/\/www.rincondelbulla.cl\/portal\/wp-content\/uploads\/2016\/11\/Nota-bandera-II.jpg\" alt=\"Foto: Claudio C\u00e1ceres \" width=\"1000\" height=\"667\" srcset=\"http:\/\/www.rincondelbulla.cl\/portal\/wp-content\/uploads\/2016\/11\/Nota-bandera-II.jpg 1000w, http:\/\/www.rincondelbulla.cl\/portal\/wp-content\/uploads\/2016\/11\/Nota-bandera-II-300x200.jpg 300w, http:\/\/www.rincondelbulla.cl\/portal\/wp-content\/uploads\/2016\/11\/Nota-bandera-II-768x512.jpg 768w, http:\/\/www.rincondelbulla.cl\/portal\/wp-content\/uploads\/2016\/11\/Nota-bandera-II-696x464.jpg 696w, http:\/\/www.rincondelbulla.cl\/portal\/wp-content\/uploads\/2016\/11\/Nota-bandera-II-630x420.jpg 630w\" sizes=\"auto, (max-width: 1000px) 100vw, 1000px\" \/><figcaption id=\"caption-attachment-10704\" class=\"wp-caption-text\">Foto: Claudio C\u00e1ceres<\/figcaption><\/figure>\n<p><strong>Un impresionante video muestra el instante justo cuando la Bandera baja por las tribunas para recibir al equipo el pasado 5 de noviembre.<\/strong><!--more--><\/p>\n<p>A\u00fan recordamos con orgullo esa hist\u00f3rica jornada de s\u00e1bado cuando en el marco del #D\u00edaDelHinchaAzul se despleg\u00f3 esta enorme Bandera que comenz\u00f3 a confeccionarse desde el a\u00f1o 2009.<\/p>\n<p>Revive a continuaci\u00f3n ese hist\u00f3rico momento.<\/p>\n<p><iframe loading=\"lazy\" src=\"http:\/\/rudo.video\/vod\/cyWtJlzT0HA\" width=\"600\" height=\"338\"><\/iframe><\/p>\n","protected":false},"excerpt":{"rendered":"<p>Un impresionante video muestra el instante justo cuando la Bandera baja por las tribunas para recibir al equipo el pasado 5 de noviembre.<\/p>\n","protected":false},"author":56,"featured_media":10704,"comment_status":"closed","ping_status":"open","sticky":false,"template":"","format":"standard","meta":{"footnotes":""},"categories":[18],"tags":[454,572,102,157,156],"class_list":{"0":"post-10805","1":"post","2":"type-post","3":"status-publish","4":"format-standard","5":"has-post-thumbnail","7":"category-actualidad","8":"tag-actualidad","9":"tag-bandera-gigante","10":"tag-los-de-abajo","11":"tag-portada","12":"tag-universidad-de-chile"},"_links":{"self":[{"href":"http:\/\/www.rincondelbulla.cl\/portal\/wp-json\/wp\/v2\/posts\/10805","targetHints":{"allow":["GET"]}}],"collection":[{"href":"http:\/\/www.rincondelbulla.cl\/portal\/wp-json\/wp\/v2\/posts"}],"about":[{"href":"http:\/\/www.rincondelbulla.cl\/portal\/wp-json\/wp\/v2\/types\/post"}],"author":[{"embeddable":true,"href":"http:\/\/www.rincondelbulla.cl\/portal\/wp-json\/wp\/v2\/users\/56"}],"replies":[{"embeddable":true,"href":"http:\/\/www.rincondelbulla.cl\/portal\/wp-json\/wp\/v2\/comments?post=10805"}],"version-history":[{"count":1,"href":"http:\/\/www.rincondelbulla.cl\/portal\/wp-json\/wp\/v2\/posts\/10805\/revisions"}],"predecessor-version":[{"id":10806,"href":"http:\/\/www.rincondelbulla.cl\/portal\/wp-json\/wp\/v2\/posts\/10805\/revisions\/10806"}],"wp:featuredmedia":[{"embeddable":true,"href":"http:\/\/www.rincondelbulla.cl\/portal\/wp-json\/wp\/v2\/media\/10704"}],"wp:attachment":[{"href":"http:\/\/www.rincondelbulla.cl\/portal\/wp-json\/wp\/v2\/media?parent=10805"}],"wp:term":[{"taxonomy":"category","embeddable":true,"href":"http:\/\/www.rincondelbulla.cl\/portal\/wp-json\/wp\/v2\/categories?post=10805"},{"taxonomy":"post_tag","embeddable":true,"href":"http:\/\/www.rincondelbulla.cl\/portal\/wp-json\/wp\/v2\/tags?post=10805"}],"curies":[{"name":"wp","href":"https:\/\/api.w.org\/{rel}","templated":true}]}}