{"id":10807,"date":"2016-11-22T19:29:30","date_gmt":"2016-11-22T22:29:30","guid":{"rendered":"http:\/\/www.rincondelbulla.cl\/portal\/?p=10807"},"modified":"2016-11-22T19:29:30","modified_gmt":"2016-11-22T22:29:30","slug":"la-camiseta-conmemorativa-ya-tiene-fecha-de-lanzamiento","status":"publish","type":"post","link":"http:\/\/www.rincondelbulla.cl\/portal\/2016\/11\/22\/la-camiseta-conmemorativa-ya-tiene-fecha-de-lanzamiento\/","title":{"rendered":"La camiseta conmemorativa ya tiene fecha de lanzamiento"},"content":{"rendered":"<p><img loading=\"lazy\" decoding=\"async\" class=\"wp-image-10809 size-full aligncenter\" src=\"http:\/\/www.rincondelbulla.cl\/portal\/wp-content\/uploads\/2016\/11\/IMG_8058.jpg\" width=\"500\" height=\"587\" srcset=\"http:\/\/www.rincondelbulla.cl\/portal\/wp-content\/uploads\/2016\/11\/IMG_8058.jpg 500w, http:\/\/www.rincondelbulla.cl\/portal\/wp-content\/uploads\/2016\/11\/IMG_8058-256x300.jpg 256w, http:\/\/www.rincondelbulla.cl\/portal\/wp-content\/uploads\/2016\/11\/IMG_8058-358x420.jpg 358w\" sizes=\"auto, (max-width: 500px) 100vw, 500px\" \/><\/p>\n<p><strong>Esta semana comenz\u00f3 a circular la nueva camiseta conmemorativa de 90 a\u00f1os que tendr\u00e1 la U. La vestimenta ya tendr\u00eda fecha de lanzamiento.<\/strong><\/p>\n<p><!--more--><\/p>\n<p>El pr\u00f3ximo jueves 1 de diciembre en el Centro Deportivo Azul se realizar\u00e1 el lanzamiento oficial de la camiseta, que llega a conmemorar los 90 a\u00f1os de esta hermosa instituci\u00f3n.<\/p>\n<p>Con el regreso de los colores tradicionales, azul y blanco, amoldados al dise\u00f1o actual de Adidas, la camiseta conmemorativa ser\u00e1 una edici\u00f3n limitada.<\/p>\n<p>El d\u00eda del lanzamiento, Rinc\u00f3n del Bulla estar\u00e1 cubriendo todos los detalles y pormenores para los hinchas azules, as\u00ed que est\u00e9n atentos a nuestro <a href=\"https:\/\/www.facebook.com\/rincondelbulla.cl\/?fref=ts\">FanPage<\/a>.<\/p>\n","protected":false},"excerpt":{"rendered":"<p>Esta semana comenz\u00f3 a circular la nueva camiseta conmemorativa de 90 a\u00f1os que tendr\u00e1 la U. La vestimenta ya tendr\u00eda fecha de lanzamiento.<\/p>\n","protected":false},"author":21383,"featured_media":10808,"comment_status":"closed","ping_status":"open","sticky":false,"template":"","format":"standard","meta":{"footnotes":""},"categories":[18],"tags":[324,974,157],"class_list":{"0":"post-10807","1":"post","2":"type-post","3":"status-publish","4":"format-standard","5":"has-post-thumbnail","7":"category-actualidad","8":"tag-camiseta-nueva","9":"tag-lanzamiento","10":"tag-portada"},"_links":{"self":[{"href":"http:\/\/www.rincondelbulla.cl\/portal\/wp-json\/wp\/v2\/posts\/10807","targetHints":{"allow":["GET"]}}],"collection":[{"href":"http:\/\/www.rincondelbulla.cl\/portal\/wp-json\/wp\/v2\/posts"}],"about":[{"href":"http:\/\/www.rincondelbulla.cl\/portal\/wp-json\/wp\/v2\/types\/post"}],"author":[{"embeddable":true,"href":"http:\/\/www.rincondelbulla.cl\/portal\/wp-json\/wp\/v2\/users\/21383"}],"replies":[{"embeddable":true,"href":"http:\/\/www.rincondelbulla.cl\/portal\/wp-json\/wp\/v2\/comments?post=10807"}],"version-history":[{"count":2,"href":"http:\/\/www.rincondelbulla.cl\/portal\/wp-json\/wp\/v2\/posts\/10807\/revisions"}],"predecessor-version":[{"id":10811,"href":"http:\/\/www.rincondelbulla.cl\/portal\/wp-json\/wp\/v2\/posts\/10807\/revisions\/10811"}],"wp:featuredmedia":[{"embeddable":true,"href":"http:\/\/www.rincondelbulla.cl\/portal\/wp-json\/wp\/v2\/media\/10808"}],"wp:attachment":[{"href":"http:\/\/www.rincondelbulla.cl\/portal\/wp-json\/wp\/v2\/media?parent=10807"}],"wp:term":[{"taxonomy":"category","embeddable":true,"href":"http:\/\/www.rincondelbulla.cl\/portal\/wp-json\/wp\/v2\/categories?post=10807"},{"taxonomy":"post_tag","embeddable":true,"href":"http:\/\/www.rincondelbulla.cl\/portal\/wp-json\/wp\/v2\/tags?post=10807"}],"curies":[{"name":"wp","href":"https:\/\/api.w.org\/{rel}","templated":true}]}}