{"id":10876,"date":"2016-12-04T14:04:36","date_gmt":"2016-12-04T17:04:36","guid":{"rendered":"http:\/\/www.rincondelbulla.cl\/portal\/?p=10876"},"modified":"2016-12-04T14:04:36","modified_gmt":"2016-12-04T17:04:36","slug":"aguantezacaria","status":"publish","type":"post","link":"http:\/\/www.rincondelbulla.cl\/portal\/2016\/12\/04\/aguantezacaria\/","title":{"rendered":"#AguanteZacaria"},"content":{"rendered":"<p><img loading=\"lazy\" decoding=\"async\" class=\"alignnone wp-image-10873\" src=\"http:\/\/www.rincondelbulla.cl\/portal\/wp-content\/uploads\/2016\/12\/Lesi\u00f3n-Jonathan-Zacar\u00edas.jpg\" alt=\"lesion-jonathan-zacarias\" width=\"700\" height=\"429\" srcset=\"http:\/\/www.rincondelbulla.cl\/portal\/wp-content\/uploads\/2016\/12\/Lesi\u00f3n-Jonathan-Zacar\u00edas.jpg 573w, http:\/\/www.rincondelbulla.cl\/portal\/wp-content\/uploads\/2016\/12\/Lesi\u00f3n-Jonathan-Zacar\u00edas-300x184.jpg 300w\" sizes=\"auto, (max-width: 700px) 100vw, 700px\" \/><\/p>\n<p><strong>El triunfo por 3-0 de los azules en Temuco pas\u00f3 a segundo plano tras la grave doble lesi\u00f3n sufrida por Jonathan Zacar\u00eda.<\/strong><!--more--><\/p>\n<p>El primer aviso de peligro lo tuvo la \u201cU\u201d a los seis minutos, tras un fuerte disparo de Jonathan Zacar\u00eda que dio en el vertical del arco local. Pero la primera estocada llegar\u00eda 120 segundos\u00a0m\u00e1s tarde.<\/p>\n<p>C\u00f3rner ejecutado por Jean Beausejour, el tiro que da en el brazo de Mat\u00edas Rodr\u00edguez, quien se la dej\u00f3 servida a Felipe Mora, para anotar la apertura de la cuenta, desatando los reclamos de los jugadores de Temuco.<\/p>\n<p>La segunda cifra corri\u00f3 por cuenta de Jonathan Zacar\u00eda, quien tras una r\u00e1pida salida desde campo propio y una genial combinaci\u00f3n en ataque, remat\u00f3 rasante y venci\u00f3 al ex azul Luis Mar\u00edn.<\/p>\n<p>En los 38 minutos, Gast\u00f3n Fern\u00e1ndez desperdici\u00f3 un penal, tras una falta en contra de Beausejour en el l\u00edmite del \u00e1rea, pero fuera de ella.<\/p>\n<p>El momento m\u00e1s impactante del partido se vivi\u00f3 a los 54&#8242;, cuando tras una fuerte falta de Fernando Lazcano, Jonathan Zacar\u00eda sufri\u00f3 una fractura de tibia y peron\u00e9, debiendo ser reemplazado de urgencia a la Cl\u00ednica Alemana de Temuco. El infractor fue expulsado de manera directa, dejando con diez a los locales.<\/p>\n<p>El cierre del marcador lo decret\u00f3 Felipe Mora en los 89&#8242;, tras un tiro razante que dej\u00f3 sin opci\u00f3n nuevamente al portero Mar\u00edn.<\/p>\n<p>Al inicio del encuentro, ambas escuadras homenajearon a las v\u00edctimas de la tragedia de Colombia, donde falleci\u00f3 buena parte del plantel del equipo brasile\u00f1o Chapecoense.<\/p>\n<figure id=\"attachment_10870\" aria-describedby=\"caption-attachment-10870\" style=\"width: 960px\" class=\"wp-caption alignnone\"><img loading=\"lazy\" decoding=\"async\" class=\"size-full wp-image-10870\" src=\"http:\/\/www.rincondelbulla.cl\/portal\/wp-content\/uploads\/2016\/12\/Lienzo-Chapecoense.jpg\" alt=\"Un minuto de silencio, brazaletes en sus brazos y este lienzo fueron el homenaje de ambas escuadras antes del incio del cotejo.\" width=\"960\" height=\"540\" srcset=\"http:\/\/www.rincondelbulla.cl\/portal\/wp-content\/uploads\/2016\/12\/Lienzo-Chapecoense.jpg 960w, http:\/\/www.rincondelbulla.cl\/portal\/wp-content\/uploads\/2016\/12\/Lienzo-Chapecoense-300x169.jpg 300w, http:\/\/www.rincondelbulla.cl\/portal\/wp-content\/uploads\/2016\/12\/Lienzo-Chapecoense-768x432.jpg 768w, http:\/\/www.rincondelbulla.cl\/portal\/wp-content\/uploads\/2016\/12\/Lienzo-Chapecoense-696x392.jpg 696w, http:\/\/www.rincondelbulla.cl\/portal\/wp-content\/uploads\/2016\/12\/Lienzo-Chapecoense-747x420.jpg 747w\" sizes=\"auto, (max-width: 960px) 100vw, 960px\" \/><figcaption id=\"caption-attachment-10870\" class=\"wp-caption-text\">Un minuto de silencio, brazaletes en sus brazos y este lienzo fueron el homenaje de ambas escuadras antes del incio del cotejo.<\/figcaption><\/figure>\n<p>El pr\u00f3ximo y \u00faltimo desaf\u00edo de este Torneo Apertura 2016-2017 para la \u00abU\u00bb, ser\u00e1 este viernes 9 de diciembre, desde las 20:00 hrs. en el Estadio Nacional, cuando reciba a Huachipato.<\/p>\n","protected":false},"excerpt":{"rendered":"<p>El triunfo por 3-0 de los azules en Temuco pas\u00f3 a segundo plano tras la grave doble lesi\u00f3n sufrida por Jonathan Zacar\u00eda.<\/p>\n","protected":false},"author":21382,"featured_media":0,"comment_status":"closed","ping_status":"open","sticky":false,"template":"","format":"standard","meta":{"footnotes":""},"categories":[1],"tags":[],"class_list":{"0":"post-10876","1":"post","2":"type-post","3":"status-publish","4":"format-standard","6":"category-sin-categoria"},"_links":{"self":[{"href":"http:\/\/www.rincondelbulla.cl\/portal\/wp-json\/wp\/v2\/posts\/10876","targetHints":{"allow":["GET"]}}],"collection":[{"href":"http:\/\/www.rincondelbulla.cl\/portal\/wp-json\/wp\/v2\/posts"}],"about":[{"href":"http:\/\/www.rincondelbulla.cl\/portal\/wp-json\/wp\/v2\/types\/post"}],"author":[{"embeddable":true,"href":"http:\/\/www.rincondelbulla.cl\/portal\/wp-json\/wp\/v2\/users\/21382"}],"replies":[{"embeddable":true,"href":"http:\/\/www.rincondelbulla.cl\/portal\/wp-json\/wp\/v2\/comments?post=10876"}],"version-history":[{"count":1,"href":"http:\/\/www.rincondelbulla.cl\/portal\/wp-json\/wp\/v2\/posts\/10876\/revisions"}],"predecessor-version":[{"id":10877,"href":"http:\/\/www.rincondelbulla.cl\/portal\/wp-json\/wp\/v2\/posts\/10876\/revisions\/10877"}],"wp:attachment":[{"href":"http:\/\/www.rincondelbulla.cl\/portal\/wp-json\/wp\/v2\/media?parent=10876"}],"wp:term":[{"taxonomy":"category","embeddable":true,"href":"http:\/\/www.rincondelbulla.cl\/portal\/wp-json\/wp\/v2\/categories?post=10876"},{"taxonomy":"post_tag","embeddable":true,"href":"http:\/\/www.rincondelbulla.cl\/portal\/wp-json\/wp\/v2\/tags?post=10876"}],"curies":[{"name":"wp","href":"https:\/\/api.w.org\/{rel}","templated":true}]}}