{"id":10880,"date":"2016-12-04T16:47:20","date_gmt":"2016-12-04T19:47:20","guid":{"rendered":"http:\/\/www.rincondelbulla.cl\/portal\/?p=10880"},"modified":"2016-12-04T16:47:20","modified_gmt":"2016-12-04T19:47:20","slug":"jonathan-zacaria-el-puntero-azul","status":"publish","type":"post","link":"http:\/\/www.rincondelbulla.cl\/portal\/2016\/12\/04\/jonathan-zacaria-el-puntero-azul\/","title":{"rendered":"Jonathan Zacar\u00eda, el puntero azul"},"content":{"rendered":"<p><img loading=\"lazy\" decoding=\"async\" class=\"aligncenter wp-image-10795 size-large\" src=\"http:\/\/www.rincondelbulla.cl\/portal\/wp-content\/uploads\/2016\/11\/volviolaalegria-1200x800.jpg\" alt=\"volviolaalegria\" width=\"640\" height=\"427\" srcset=\"http:\/\/www.rincondelbulla.cl\/portal\/wp-content\/uploads\/2016\/11\/volviolaalegria-1200x800.jpg 1200w, http:\/\/www.rincondelbulla.cl\/portal\/wp-content\/uploads\/2016\/11\/volviolaalegria-300x200.jpg 300w, http:\/\/www.rincondelbulla.cl\/portal\/wp-content\/uploads\/2016\/11\/volviolaalegria-768x512.jpg 768w, http:\/\/www.rincondelbulla.cl\/portal\/wp-content\/uploads\/2016\/11\/volviolaalegria-696x464.jpg 696w, http:\/\/www.rincondelbulla.cl\/portal\/wp-content\/uploads\/2016\/11\/volviolaalegria-1068x712.jpg 1068w, http:\/\/www.rincondelbulla.cl\/portal\/wp-content\/uploads\/2016\/11\/volviolaalegria-630x420.jpg 630w, http:\/\/www.rincondelbulla.cl\/portal\/wp-content\/uploads\/2016\/11\/volviolaalegria.jpg 2048w\" sizes=\"auto, (max-width: 640px) 100vw, 640px\" \/><\/p>\n<p><strong>Lleg\u00f3 a la U en mayo resignando 35 mil d\u00f3lares, algo as\u00ed como 25 millones de pesos, que correspond\u00edan al 15% de la operaci\u00f3n entre Quilmes y Universidad de Chile.<\/strong><\/p>\n<p><strong>\u00abPor jugar en la U hac\u00eda lo que fuera necesario\u00bb<\/strong>, coment\u00f3 en aquel entonces el representante del jugador, Rodrigo Bilari\u00f1o. Y lleg\u00f3 a la U,\u00a0convirti\u00e9ndose en el und\u00e9cimo refuerzo de el entonces DT, Sebasti\u00e1n Beccacece.<\/p>\n<p><strong>\u00abMe voy a entregar al cien por ciento en cada partido y en cada pelota\u00bb<\/strong>, prometi\u00f3 Zacar\u00eda en su primera entrevista como jugador azul. Y as\u00ed fue.<\/p>\n<p>Luego de partir con participaciones espor\u00e1dicas, tras la titularidad de Juan Leiva, Zacar\u00eda empez\u00f3 de a poco a ganarse la confianza de sus directores t\u00e9cnicos. Con Beccacece de hecho no tuvo mayor participaci\u00f3n. Finalmente, con la llegada de Casta\u00f1eda y Musrri, el puntero azul despegar\u00eda.<\/p>\n<p>As\u00ed comenzar\u00eda a deleitar con su desborde por la banda izquierda, y luego por la banda derecha por petici\u00f3n del cuerpo t\u00e9cnico. Destac\u00f3 igual. Su mejor partido fue contra Uni\u00f3n Espa\u00f1ola hace dos fechas, cuando la U le arrebat\u00f3 el liderato a los de Santa Laura. Zacar\u00eda en ese entonces anot\u00f3 dos de los tres goles con que la Universidad de Chile dio vuelta un partido que perd\u00eda 2-0.<\/p>\n<p>Hoy el jugador vive un momento de crisis, tras una fractura de tibia y peron\u00e9 que seg\u00fan constat\u00f3 La Tercera, lo dejar\u00e1 fuera por al menos cinco meses.<\/p>\n<p>El mundo del f\u00fatbol mand\u00f3 su apoyo al jugador azul que a esta altura se proyectaba como una de las figuras de la U en un campeonato dif\u00edcil. \u00ab<strong>Es uno de los mejores refuerzos que ha tenido la U en los \u00faltimos cinco a\u00f1os. Estamos muy choqueados y tristes\u00bb<\/strong>, coment\u00f3 el capit\u00e1n azul, Johnny Herrera tras el triunfo en Temuco.<\/p>\n<p>Pero el f\u00fatbol da revanchas y seguramente Jonathan Zacar\u00eda tendr\u00e1 la suya en algunos meses m\u00e1s.<\/p>\n<p><strong>#FUERZAZACARIA<\/strong><\/p>\n","protected":false},"excerpt":{"rendered":"<p>Lleg\u00f3 a la U en mayo resignando 35 mil d\u00f3lares, algo as\u00ed como 25 millones de pesos, que correspond\u00edan al 15% de la operaci\u00f3n entre Quilmes y Universidad de Chile. \u00abPor jugar en la U hac\u00eda lo que fuera necesario\u00bb, coment\u00f3 en aquel entonces el representante del jugador, Rodrigo Bilari\u00f1o. Y lleg\u00f3 a la U,\u00a0convirti\u00e9ndose [&#8230;]<\/p>\n","protected":false},"author":21383,"featured_media":10882,"comment_status":"closed","ping_status":"open","sticky":false,"template":"","format":"standard","meta":{"footnotes":""},"categories":[18],"tags":[630,157,988,834],"class_list":{"0":"post-10880","1":"post","2":"type-post","3":"status-publish","4":"format-standard","5":"has-post-thumbnail","7":"category-actualidad","8":"tag-lesion","9":"tag-portada","10":"tag-puntero-azul","11":"tag-zacaria"},"_links":{"self":[{"href":"http:\/\/www.rincondelbulla.cl\/portal\/wp-json\/wp\/v2\/posts\/10880","targetHints":{"allow":["GET"]}}],"collection":[{"href":"http:\/\/www.rincondelbulla.cl\/portal\/wp-json\/wp\/v2\/posts"}],"about":[{"href":"http:\/\/www.rincondelbulla.cl\/portal\/wp-json\/wp\/v2\/types\/post"}],"author":[{"embeddable":true,"href":"http:\/\/www.rincondelbulla.cl\/portal\/wp-json\/wp\/v2\/users\/21383"}],"replies":[{"embeddable":true,"href":"http:\/\/www.rincondelbulla.cl\/portal\/wp-json\/wp\/v2\/comments?post=10880"}],"version-history":[{"count":2,"href":"http:\/\/www.rincondelbulla.cl\/portal\/wp-json\/wp\/v2\/posts\/10880\/revisions"}],"predecessor-version":[{"id":10883,"href":"http:\/\/www.rincondelbulla.cl\/portal\/wp-json\/wp\/v2\/posts\/10880\/revisions\/10883"}],"wp:featuredmedia":[{"embeddable":true,"href":"http:\/\/www.rincondelbulla.cl\/portal\/wp-json\/wp\/v2\/media\/10882"}],"wp:attachment":[{"href":"http:\/\/www.rincondelbulla.cl\/portal\/wp-json\/wp\/v2\/media?parent=10880"}],"wp:term":[{"taxonomy":"category","embeddable":true,"href":"http:\/\/www.rincondelbulla.cl\/portal\/wp-json\/wp\/v2\/categories?post=10880"},{"taxonomy":"post_tag","embeddable":true,"href":"http:\/\/www.rincondelbulla.cl\/portal\/wp-json\/wp\/v2\/tags?post=10880"}],"curies":[{"name":"wp","href":"https:\/\/api.w.org\/{rel}","templated":true}]}}