{"id":10921,"date":"2016-12-13T15:21:54","date_gmt":"2016-12-13T18:21:54","guid":{"rendered":"http:\/\/www.rincondelbulla.cl\/portal\/?p=10921"},"modified":"2016-12-13T20:10:58","modified_gmt":"2016-12-13T23:10:58","slug":"se-acaba-el-segundo-ciclo-de-vhc-en-la-u","status":"publish","type":"post","link":"http:\/\/www.rincondelbulla.cl\/portal\/2016\/12\/13\/se-acaba-el-segundo-ciclo-de-vhc-en-la-u\/","title":{"rendered":"Se acaba el segundo ciclo de VHC en la \u00abU\u00bb"},"content":{"rendered":"<p><img loading=\"lazy\" decoding=\"async\" class=\"alignnone size-full wp-image-10640\" src=\"http:\/\/www.rincondelbulla.cl\/portal\/wp-content\/uploads\/2016\/10\/14650194_10209686710978057_6314915614266796352_n.jpg\" alt=\"VHC\" width=\"960\" height=\"640\" srcset=\"http:\/\/www.rincondelbulla.cl\/portal\/wp-content\/uploads\/2016\/10\/14650194_10209686710978057_6314915614266796352_n.jpg 960w, http:\/\/www.rincondelbulla.cl\/portal\/wp-content\/uploads\/2016\/10\/14650194_10209686710978057_6314915614266796352_n-300x200.jpg 300w, http:\/\/www.rincondelbulla.cl\/portal\/wp-content\/uploads\/2016\/10\/14650194_10209686710978057_6314915614266796352_n-768x512.jpg 768w, http:\/\/www.rincondelbulla.cl\/portal\/wp-content\/uploads\/2016\/10\/14650194_10209686710978057_6314915614266796352_n-696x464.jpg 696w, http:\/\/www.rincondelbulla.cl\/portal\/wp-content\/uploads\/2016\/10\/14650194_10209686710978057_6314915614266796352_n-630x420.jpg 630w\" sizes=\"auto, (max-width: 960px) 100vw, 960px\" \/><\/p>\n<p style=\"padding-left: 30px\"><strong>Seg\u00fan informan algunos medios, el propio Casta\u00f1eda habr\u00eda confirmado la informaci\u00f3n al salir de una reuni\u00f3n<\/strong>.<!--more--><\/p>\n<p style=\"padding-left: 30px\">El programa Al Aire Libre de Radio Cooperativa, inform\u00f3 que tras estar en conversaciones junto a Luis Musrri, por cerca de dos horas, el mismo ex volante habr\u00eda confirmado la informaci\u00f3n a la salida de esta reuni\u00f3n.<\/p>\n<p style=\"padding-left: 30px\">La cita, en que tambi\u00e9n estuvo presente Cristi\u00e1n Casta\u00f1eda, se realiz\u00f3 este martes en el Centro Deportivo Azul, en la comuna de La Cisterna.<\/p>\n<p style=\"padding-left: 30px\">La noticia fue finalmente confirmada en horas de la tarde, cuando Universidad de Chile emiti\u00f3 un comunicado en que se asegura que el t\u00e9rmino del v\u00ednculo del cuerpo t\u00e9cnico fue de mutuo acuerdo.<\/p>\n<p style=\"padding-left: 30px\">Lee <a href=\"http:\/\/www.udechile.cl\/noticias\/primer-equipo\/2016\/12\/13\/comunicado\/\">aqu\u00ed<\/a> el anuncio de Universidad de Chile.<\/p>\n","protected":false},"excerpt":{"rendered":"<p>Seg\u00fan informan algunos medios, el propio Casta\u00f1eda habr\u00eda confirmado la informaci\u00f3n al salir de una reuni\u00f3n.<\/p>\n","protected":false},"author":21382,"featured_media":10610,"comment_status":"closed","ping_status":"open","sticky":false,"template":"","format":"standard","meta":{"footnotes":""},"categories":[18],"tags":[454,563,903,400,157,294,156,902],"class_list":{"0":"post-10921","1":"post","2":"type-post","3":"status-publish","4":"format-standard","5":"has-post-thumbnail","7":"category-actualidad","8":"tag-actualidad","9":"tag-centro-deportivo-azul","10":"tag-cristian-castaneda","11":"tag-luis-musrri","12":"tag-portada","13":"tag-u-de-chile","14":"tag-universidad-de-chile","15":"tag-victor-hugo-castaneda"},"_links":{"self":[{"href":"http:\/\/www.rincondelbulla.cl\/portal\/wp-json\/wp\/v2\/posts\/10921","targetHints":{"allow":["GET"]}}],"collection":[{"href":"http:\/\/www.rincondelbulla.cl\/portal\/wp-json\/wp\/v2\/posts"}],"about":[{"href":"http:\/\/www.rincondelbulla.cl\/portal\/wp-json\/wp\/v2\/types\/post"}],"author":[{"embeddable":true,"href":"http:\/\/www.rincondelbulla.cl\/portal\/wp-json\/wp\/v2\/users\/21382"}],"replies":[{"embeddable":true,"href":"http:\/\/www.rincondelbulla.cl\/portal\/wp-json\/wp\/v2\/comments?post=10921"}],"version-history":[{"count":3,"href":"http:\/\/www.rincondelbulla.cl\/portal\/wp-json\/wp\/v2\/posts\/10921\/revisions"}],"predecessor-version":[{"id":10924,"href":"http:\/\/www.rincondelbulla.cl\/portal\/wp-json\/wp\/v2\/posts\/10921\/revisions\/10924"}],"wp:featuredmedia":[{"embeddable":true,"href":"http:\/\/www.rincondelbulla.cl\/portal\/wp-json\/wp\/v2\/media\/10610"}],"wp:attachment":[{"href":"http:\/\/www.rincondelbulla.cl\/portal\/wp-json\/wp\/v2\/media?parent=10921"}],"wp:term":[{"taxonomy":"category","embeddable":true,"href":"http:\/\/www.rincondelbulla.cl\/portal\/wp-json\/wp\/v2\/categories?post=10921"},{"taxonomy":"post_tag","embeddable":true,"href":"http:\/\/www.rincondelbulla.cl\/portal\/wp-json\/wp\/v2\/tags?post=10921"}],"curies":[{"name":"wp","href":"https:\/\/api.w.org\/{rel}","templated":true}]}}