{"id":10926,"date":"2016-12-15T22:34:09","date_gmt":"2016-12-16T01:34:09","guid":{"rendered":"http:\/\/www.rincondelbulla.cl\/portal\/?p=10926"},"modified":"2016-12-15T22:34:09","modified_gmt":"2016-12-16T01:34:09","slug":"espinoza-volvera-a-vestir-la-camiseta-azul-de-la-u","status":"publish","type":"post","link":"http:\/\/www.rincondelbulla.cl\/portal\/2016\/12\/15\/espinoza-volvera-a-vestir-la-camiseta-azul-de-la-u\/","title":{"rendered":"Espinoza volver\u00e1 a vestir la camiseta azul de la U"},"content":{"rendered":"<figure id=\"attachment_6765\" aria-describedby=\"caption-attachment-6765\" style=\"width: 1100px\" class=\"wp-caption aligncenter\"><img loading=\"lazy\" decoding=\"async\" class=\"size-full wp-image-6765\" src=\"http:\/\/www.rincondelbulla.cl\/portal\/wp-content\/uploads\/2015\/01\/gonzalo_espinoza2.jpg\" alt=\"Foto: Claudio C\u00e1ceres\" width=\"1100\" height=\"700\" srcset=\"http:\/\/www.rincondelbulla.cl\/portal\/wp-content\/uploads\/2015\/01\/gonzalo_espinoza2.jpg 1100w, http:\/\/www.rincondelbulla.cl\/portal\/wp-content\/uploads\/2015\/01\/gonzalo_espinoza2-300x191.jpg 300w, http:\/\/www.rincondelbulla.cl\/portal\/wp-content\/uploads\/2015\/01\/gonzalo_espinoza2-768x489.jpg 768w, http:\/\/www.rincondelbulla.cl\/portal\/wp-content\/uploads\/2015\/01\/gonzalo_espinoza2-696x443.jpg 696w, http:\/\/www.rincondelbulla.cl\/portal\/wp-content\/uploads\/2015\/01\/gonzalo_espinoza2-1068x680.jpg 1068w, http:\/\/www.rincondelbulla.cl\/portal\/wp-content\/uploads\/2015\/01\/gonzalo_espinoza2-660x420.jpg 660w\" sizes=\"auto, (max-width: 1100px) 100vw, 1100px\" \/><figcaption id=\"caption-attachment-6765\" class=\"wp-caption-text\">Foto: Claudio C\u00e1ceres<\/figcaption><\/figure>\n<p><strong>El \u00abBulldog\u00bb tendr\u00e1 una nueva oportunidad en Universaidad de Chile y en los pr\u00f3ximos d\u00edas se integrar\u00e1 al equipo.<\/strong><!--more--><\/p>\n<p>Lejos de estar tranquilas, las aguas en la U no dejan de marear a quienes navegan en la instituci\u00f3n, dimes y diretes entre jugadores y dirigencia hacen que en el Rom\u00e1ntico Viajero, de lo menos que se hable es de f\u00fatbol.<\/p>\n<p>Pese a este ambiente, desde la dirigencia se trabaja en la conformaci\u00f3n del equipo de cara a la pr\u00f3xima temporada y ante eso se ha confirmado el regreso de dos jugadores importantes y de gran rendimiento en su respectivos equipo.<\/p>\n<p>Leandro Benegas llega a la U tras estar un a\u00f1o a pr\u00e9stamo, en Palestino se transform\u00f3 en el goleador del equipo y en el tercer mejor artillero del torneo pasado, s\u00f3lo superado por Cstillo (UC) y Paredes (CC).<\/p>\n<p>Pero todas la miradas se volcaron a Argentina, donde milita actualmente Gonzalo Espinoza, el \u00abBulldog\u00bb dejar\u00e1 Patronato para reintegrarse al equipo de sus amores, algo que en la dirigencia del equipo trasandino no cay\u00f3 muy bien por el gran nivel mostrado por el volante chileno en la \u00faltima temporada.<\/p>\n<p>As\u00ed el jugador tendr\u00e1 una nueva oportunidad tras su escandalosa salida a mitad de a\u00f1o cuando Beccacece decidi\u00f1o marginar a los jugadores que participaron de un asado.<\/p>\n<p>Espinoza junto a Benegas debieran integrarse el pr\u00f3ximo 28 de diciembre al equipo que a\u00fan no cuenta con cuerpo t\u00e9cnico para el pr\u00f3ximo torneo, \u00abEspinoza y Benegas volver\u00e1n, salvo un imprevisto de \u00faltimo minuto\u00bb, se\u00f1alan dese la concesionaria.<\/p>\n","protected":false},"excerpt":{"rendered":"<p>El \u00abBulldog\u00bb tendr\u00e1 una nueva oportunidad en Universaidad de Chile y en los pr\u00f3ximos d\u00edas se integrar\u00e1 al equipo.<\/p>\n","protected":false},"author":56,"featured_media":5958,"comment_status":"closed","ping_status":"open","sticky":false,"template":"","format":"standard","meta":{"footnotes":""},"categories":[18],"tags":[454,261,319,156],"class_list":{"0":"post-10926","1":"post","2":"type-post","3":"status-publish","4":"format-standard","5":"has-post-thumbnail","7":"category-actualidad","8":"tag-actualidad","9":"tag-gonzalo-espinoza","10":"tag-leandro-benegas","11":"tag-universidad-de-chile"},"_links":{"self":[{"href":"http:\/\/www.rincondelbulla.cl\/portal\/wp-json\/wp\/v2\/posts\/10926","targetHints":{"allow":["GET"]}}],"collection":[{"href":"http:\/\/www.rincondelbulla.cl\/portal\/wp-json\/wp\/v2\/posts"}],"about":[{"href":"http:\/\/www.rincondelbulla.cl\/portal\/wp-json\/wp\/v2\/types\/post"}],"author":[{"embeddable":true,"href":"http:\/\/www.rincondelbulla.cl\/portal\/wp-json\/wp\/v2\/users\/56"}],"replies":[{"embeddable":true,"href":"http:\/\/www.rincondelbulla.cl\/portal\/wp-json\/wp\/v2\/comments?post=10926"}],"version-history":[{"count":1,"href":"http:\/\/www.rincondelbulla.cl\/portal\/wp-json\/wp\/v2\/posts\/10926\/revisions"}],"predecessor-version":[{"id":10927,"href":"http:\/\/www.rincondelbulla.cl\/portal\/wp-json\/wp\/v2\/posts\/10926\/revisions\/10927"}],"wp:featuredmedia":[{"embeddable":true,"href":"http:\/\/www.rincondelbulla.cl\/portal\/wp-json\/wp\/v2\/media\/5958"}],"wp:attachment":[{"href":"http:\/\/www.rincondelbulla.cl\/portal\/wp-json\/wp\/v2\/media?parent=10926"}],"wp:term":[{"taxonomy":"category","embeddable":true,"href":"http:\/\/www.rincondelbulla.cl\/portal\/wp-json\/wp\/v2\/categories?post=10926"},{"taxonomy":"post_tag","embeddable":true,"href":"http:\/\/www.rincondelbulla.cl\/portal\/wp-json\/wp\/v2\/tags?post=10926"}],"curies":[{"name":"wp","href":"https:\/\/api.w.org\/{rel}","templated":true}]}}