{"id":11004,"date":"2017-01-05T23:43:56","date_gmt":"2017-01-06T02:43:56","guid":{"rendered":"http:\/\/www.rincondelbulla.cl\/portal\/?p=11004"},"modified":"2017-01-05T23:56:01","modified_gmt":"2017-01-06T02:56:01","slug":"ya-es-oficial-la-u-tiene-nueva-camiseta","status":"publish","type":"post","link":"http:\/\/www.rincondelbulla.cl\/portal\/2017\/01\/05\/ya-es-oficial-la-u-tiene-nueva-camiseta\/","title":{"rendered":"Ya es oficial: La U tiene nueva camiseta"},"content":{"rendered":"<p><strong>Luego de algunos rumores y photoshop de la camiseta conmemorativa con los posibles sponsor, esta noche se dio a conocer la nueva camiseta de Universidad de Chile en una foto filtrada en la que aparece Diego Rivarola.<\/strong><\/p>\n<p><!--more--><\/p>\n<p>En la semana, luego de la conferencia de Guillermo Hoyos en el CDA, ya se hab\u00eda confirmado el cambio de auspiciadores como Claro y\u00a0Tramontina, por Chevrolet y Movistar.<\/p>\n<p>Cabe consignar que seg\u00fan El Mercurio la gigante automotriz llega con un contrato anual de 2,3 millones de d\u00f3lares, reemplazando como sponsor oficial a Claro, que acompa\u00f1\u00f3 a la camiseta azul desde el 2011, momento en que Telmex -que hab\u00eda llegado en 2010- fue comprada por la empresa telef\u00f3nica.<\/p>\n<p>En tanto, Movistar, llega con un contrato anual de un mill\u00f3n de d\u00f3lares, reemplazando a Tramontina.<\/p>\n<p>Este era el modelo que se rumoreaba:<\/p>\n<p><img loading=\"lazy\" decoding=\"async\" class=\"alignnone\" src=\"http:\/\/www.adnradio.cl\/images\/2017010240bbb7a2.jpg\" width=\"263\" height=\"368\" \/><\/p>\n<p><strong>FINALMENTE AS\u00cd SER\u00c1 LA NUEVA CAMISETA AZUL:<\/strong><\/p>\n<p><img loading=\"lazy\" decoding=\"async\" class=\"alignleft wp-image-11010 \" src=\"http:\/\/www.rincondelbulla.cl\/portal\/wp-content\/uploads\/2017\/01\/15894920_1381902978509721_3663311633962228901_n-224x300.jpg\" width=\"250\" height=\"335\" srcset=\"http:\/\/www.rincondelbulla.cl\/portal\/wp-content\/uploads\/2017\/01\/15894920_1381902978509721_3663311633962228901_n-224x300.jpg 224w, http:\/\/www.rincondelbulla.cl\/portal\/wp-content\/uploads\/2017\/01\/15894920_1381902978509721_3663311633962228901_n-314x420.jpg 314w, http:\/\/www.rincondelbulla.cl\/portal\/wp-content\/uploads\/2017\/01\/15894920_1381902978509721_3663311633962228901_n.jpg 425w\" sizes=\"auto, (max-width: 250px) 100vw, 250px\" \/><\/p>\n","protected":false},"excerpt":{"rendered":"<p>Luego de algunos rumores y photoshop de la camiseta conmemorativa con los posibles sponsor, esta noche se dio a conocer la nueva camiseta de Universidad de Chile en una foto filtrada en la que aparece Diego Rivarola.<\/p>\n","protected":false},"author":21383,"featured_media":9172,"comment_status":"closed","ping_status":"open","sticky":false,"template":"","format":"standard","meta":{"footnotes":""},"categories":[18],"tags":[1003,1002,157],"class_list":{"0":"post-11004","1":"post","2":"type-post","3":"status-publish","4":"format-standard","5":"has-post-thumbnail","7":"category-actualidad","8":"tag-chevrolet","9":"tag-nueva-camiseta","10":"tag-portada"},"_links":{"self":[{"href":"http:\/\/www.rincondelbulla.cl\/portal\/wp-json\/wp\/v2\/posts\/11004","targetHints":{"allow":["GET"]}}],"collection":[{"href":"http:\/\/www.rincondelbulla.cl\/portal\/wp-json\/wp\/v2\/posts"}],"about":[{"href":"http:\/\/www.rincondelbulla.cl\/portal\/wp-json\/wp\/v2\/types\/post"}],"author":[{"embeddable":true,"href":"http:\/\/www.rincondelbulla.cl\/portal\/wp-json\/wp\/v2\/users\/21383"}],"replies":[{"embeddable":true,"href":"http:\/\/www.rincondelbulla.cl\/portal\/wp-json\/wp\/v2\/comments?post=11004"}],"version-history":[{"count":7,"href":"http:\/\/www.rincondelbulla.cl\/portal\/wp-json\/wp\/v2\/posts\/11004\/revisions"}],"predecessor-version":[{"id":11013,"href":"http:\/\/www.rincondelbulla.cl\/portal\/wp-json\/wp\/v2\/posts\/11004\/revisions\/11013"}],"wp:featuredmedia":[{"embeddable":true,"href":"http:\/\/www.rincondelbulla.cl\/portal\/wp-json\/wp\/v2\/media\/9172"}],"wp:attachment":[{"href":"http:\/\/www.rincondelbulla.cl\/portal\/wp-json\/wp\/v2\/media?parent=11004"}],"wp:term":[{"taxonomy":"category","embeddable":true,"href":"http:\/\/www.rincondelbulla.cl\/portal\/wp-json\/wp\/v2\/categories?post=11004"},{"taxonomy":"post_tag","embeddable":true,"href":"http:\/\/www.rincondelbulla.cl\/portal\/wp-json\/wp\/v2\/tags?post=11004"}],"curies":[{"name":"wp","href":"https:\/\/api.w.org\/{rel}","templated":true}]}}