{"id":11015,"date":"2017-01-09T11:42:31","date_gmt":"2017-01-09T14:42:31","guid":{"rendered":"http:\/\/www.rincondelbulla.cl\/portal\/?p=11015"},"modified":"2017-01-09T11:42:31","modified_gmt":"2017-01-09T14:42:31","slug":"monzon-dos-meses-fuera","status":"publish","type":"post","link":"http:\/\/www.rincondelbulla.cl\/portal\/2017\/01\/09\/monzon-dos-meses-fuera\/","title":{"rendered":"Monz\u00f3n dos meses fuera"},"content":{"rendered":"<p><img loading=\"lazy\" decoding=\"async\" class=\"size-full wp-image-9264\" src=\"http:\/\/www.rincondelbulla.cl\/portal\/wp-content\/uploads\/2016\/03\/fabian-monzon-lesion.jpg\" alt=\"El momento exacto en que Monz\u00f3n se lesiona - Foto: Claudio C\u00e1ceres\" width=\"1100\" height=\"733\" srcset=\"http:\/\/www.rincondelbulla.cl\/portal\/wp-content\/uploads\/2016\/03\/fabian-monzon-lesion.jpg 1100w, http:\/\/www.rincondelbulla.cl\/portal\/wp-content\/uploads\/2016\/03\/fabian-monzon-lesion-300x200.jpg 300w, http:\/\/www.rincondelbulla.cl\/portal\/wp-content\/uploads\/2016\/03\/fabian-monzon-lesion-768x512.jpg 768w, http:\/\/www.rincondelbulla.cl\/portal\/wp-content\/uploads\/2016\/03\/fabian-monzon-lesion-696x464.jpg 696w, http:\/\/www.rincondelbulla.cl\/portal\/wp-content\/uploads\/2016\/03\/fabian-monzon-lesion-1068x712.jpg 1068w, http:\/\/www.rincondelbulla.cl\/portal\/wp-content\/uploads\/2016\/03\/fabian-monzon-lesion-630x420.jpg 630w\" sizes=\"auto, (max-width: 1100px) 100vw, 1100px\" \/><\/p>\n<p><strong>El jugador present\u00f3 problemas f\u00edsicos el viernes durante la pr\u00e1ctica, debiendo ser intervenido el d\u00eda s\u00e1bado.<\/strong><!--more--><\/p>\n<p>El lateral Fabi\u00e1n Monz\u00f3n sufri\u00f3 durante la pretemporada del d\u00eda viernes, una rotura de menisco en la rodilla izquierda, lesi\u00f3n que lo mantendr\u00e1 fuera de las canchas al menos dos meses<\/p>\n<p>Mediante un comunicado, Universidad de Chile indic\u00f3 que <strong>\u201cdurante la pr\u00e1ctica del pasado viernes, Fabi\u00e1n Monz\u00f3n debi\u00f3 salir anticipadamente tras acusar una lesi\u00f3n. De inmediato fue asistido por el cuerpo m\u00e9dico y tras los ex\u00e1menes m\u00e9dicos de rigor, se le detect\u00f3 una rotura del menisco medial de la rodilla izquierda\u201c.<\/strong><\/p>\n<p>El traumat\u00f3logo de los azules, Jos\u00e9 Hun, asegur\u00f3 que <strong>\u201clos ex\u00e1menes mostraron una rotura del menisco medial que fue resuelta quir\u00fargicamente el d\u00eda s\u00e1bado. No hubo inconvenientes y se fue de alta ayer domingo\u201d<\/strong>.<\/p>\n<p>Monz\u00f3n se transforma en la primera baja para el t\u00e9cnico Guillermo Hoyos de cara al inicio del Torneo Clausura 2016-2017.<\/p>\n","protected":false},"excerpt":{"rendered":"<p>El jugador present\u00f3 problemas f\u00edsicos el viernes durante la pr\u00e1ctica, debiendo ser intervenido el d\u00eda s\u00e1bado.<\/p>\n","protected":false},"author":21382,"featured_media":9621,"comment_status":"closed","ping_status":"open","sticky":false,"template":"","format":"standard","meta":{"footnotes":""},"categories":[18],"tags":[454,999,555,1006,1004,157,1005,294,156],"class_list":{"0":"post-11015","1":"post","2":"type-post","3":"status-publish","4":"format-standard","5":"has-post-thumbnail","7":"category-actualidad","8":"tag-actualidad","9":"tag-angel-guillermo-hoyos","10":"tag-fabian-monzon","11":"tag-guillermo-hoyos","12":"tag-jose-hun","13":"tag-portada","14":"tag-torneo-clausura-2016-2017","15":"tag-u-de-chile","16":"tag-universidad-de-chile"},"_links":{"self":[{"href":"http:\/\/www.rincondelbulla.cl\/portal\/wp-json\/wp\/v2\/posts\/11015","targetHints":{"allow":["GET"]}}],"collection":[{"href":"http:\/\/www.rincondelbulla.cl\/portal\/wp-json\/wp\/v2\/posts"}],"about":[{"href":"http:\/\/www.rincondelbulla.cl\/portal\/wp-json\/wp\/v2\/types\/post"}],"author":[{"embeddable":true,"href":"http:\/\/www.rincondelbulla.cl\/portal\/wp-json\/wp\/v2\/users\/21382"}],"replies":[{"embeddable":true,"href":"http:\/\/www.rincondelbulla.cl\/portal\/wp-json\/wp\/v2\/comments?post=11015"}],"version-history":[{"count":1,"href":"http:\/\/www.rincondelbulla.cl\/portal\/wp-json\/wp\/v2\/posts\/11015\/revisions"}],"predecessor-version":[{"id":11016,"href":"http:\/\/www.rincondelbulla.cl\/portal\/wp-json\/wp\/v2\/posts\/11015\/revisions\/11016"}],"wp:featuredmedia":[{"embeddable":true,"href":"http:\/\/www.rincondelbulla.cl\/portal\/wp-json\/wp\/v2\/media\/9621"}],"wp:attachment":[{"href":"http:\/\/www.rincondelbulla.cl\/portal\/wp-json\/wp\/v2\/media?parent=11015"}],"wp:term":[{"taxonomy":"category","embeddable":true,"href":"http:\/\/www.rincondelbulla.cl\/portal\/wp-json\/wp\/v2\/categories?post=11015"},{"taxonomy":"post_tag","embeddable":true,"href":"http:\/\/www.rincondelbulla.cl\/portal\/wp-json\/wp\/v2\/tags?post=11015"}],"curies":[{"name":"wp","href":"https:\/\/api.w.org\/{rel}","templated":true}]}}