{"id":11018,"date":"2017-01-10T15:14:09","date_gmt":"2017-01-10T18:14:09","guid":{"rendered":"http:\/\/www.rincondelbulla.cl\/portal\/?p=11018"},"modified":"2017-01-10T15:14:09","modified_gmt":"2017-01-10T18:14:09","slug":"fernandez-elogia-al-nuevo-dt-tiene-muchas-ganas-de-triunfar-y-sobresalir","status":"publish","type":"post","link":"http:\/\/www.rincondelbulla.cl\/portal\/2017\/01\/10\/fernandez-elogia-al-nuevo-dt-tiene-muchas-ganas-de-triunfar-y-sobresalir\/","title":{"rendered":"Fern\u00e1ndez elogia al nuevo DT: \u00abTiene muchas ganas de triunfar y sobresalir\u00bb"},"content":{"rendered":"<figure id=\"attachment_10237\" aria-describedby=\"caption-attachment-10237\" style=\"width: 1000px\" class=\"wp-caption aligncenter\"><img loading=\"lazy\" decoding=\"async\" class=\"size-full wp-image-10237\" src=\"http:\/\/www.rincondelbulla.cl\/portal\/wp-content\/uploads\/2016\/08\/Ferna\u0301ndez.jpeg\" alt=\"Foto: Claudio C\u00e1ceres\" width=\"1000\" height=\"667\" srcset=\"http:\/\/www.rincondelbulla.cl\/portal\/wp-content\/uploads\/2016\/08\/Ferna\u0301ndez.jpeg 1000w, http:\/\/www.rincondelbulla.cl\/portal\/wp-content\/uploads\/2016\/08\/Ferna\u0301ndez-300x200.jpeg 300w, http:\/\/www.rincondelbulla.cl\/portal\/wp-content\/uploads\/2016\/08\/Ferna\u0301ndez-768x512.jpeg 768w, http:\/\/www.rincondelbulla.cl\/portal\/wp-content\/uploads\/2016\/08\/Ferna\u0301ndez-696x464.jpeg 696w, http:\/\/www.rincondelbulla.cl\/portal\/wp-content\/uploads\/2016\/08\/Ferna\u0301ndez-630x420.jpeg 630w\" sizes=\"auto, (max-width: 1000px) 100vw, 1000px\" \/><figcaption id=\"caption-attachment-10237\" class=\"wp-caption-text\">Pese a algunas cr\u00edticas de la parcialidad azul, Fern\u00e1ndez fue uno de los refuerzos m\u00e1s efectivos del torneo para la U. Foto: Claudio C\u00e1ceres<\/figcaption><\/figure>\n<p><strong>Hoy el encargado de recibir a los medios tras la pr\u00e1ctica matutina fue Gast\u00f3n Fern\u00e1ndez. La \u00abgata\u00bb confirm\u00f3 su estad\u00eda en el cuadro azul y elogi\u00f3 los primeros d\u00edas de trabajo con Guillermo Hoyos, el nuevo t\u00e9cnico.<\/strong><\/p>\n<p><!--more--><\/p>\n<p><strong>\u00abLa forma de trabajo de Guillermo es seductora, sobre todo porque es un entrenador que le gusta hacer la mayor\u00eda de los trabajos f\u00edsicos de acuerdo a lo que puede llegar a hacer el equipo dentro de la cancha\u00bb<\/strong>, coment\u00f3 Fern\u00e1ndez.<\/p>\n<p>Sobre el \u00abmensaje\u00bb del nuevo entrenador, el 10 azul agreg\u00f3 que <strong>\u00ablo hemos sentido desde el primer d\u00eda. Nos gust\u00f3 y a partir de ah\u00ed empieza un conocimiento diario que ojal\u00e1 crezca mucho. Creo que la U ha contratado un entrenador que tiene valores, que tiene ganas de triunfar y sobresalir en su profesi\u00f3n\u00bb.<\/strong><\/p>\n<p>El goleador azul tambi\u00e9n confirm\u00f3 su deseo de permanecer en el equipo, pese a las opciones de retornar a Estudiantes de La Plata.<\/p>\n<p>Para finalizar, el trasandino valor\u00f3 el actual plantel de la U, se\u00f1alando que \u00ab<strong>este plantel est\u00e1 a la altura de cualquier equipo y ojal\u00e1 lo podamos demostrar\u00a0a partir del primer partido\u00bb<\/strong><\/p>\n","protected":false},"excerpt":{"rendered":"<p>Hoy el encargado de recibir a los medios tras la pr\u00e1ctica matutina fue Gast\u00f3n Fern\u00e1ndez. La \u00abgata\u00bb confirm\u00f3 su estad\u00eda en el cuadro azul y elogi\u00f3 los primeros d\u00edas de trabajo con Guillermo Hoyos, el nuevo t\u00e9cnico.<\/p>\n","protected":false},"author":21383,"featured_media":11019,"comment_status":"closed","ping_status":"open","sticky":false,"template":"","format":"standard","meta":{"footnotes":""},"categories":[18],"tags":[805,802,157],"class_list":{"0":"post-11018","1":"post","2":"type-post","3":"status-publish","4":"format-standard","5":"has-post-thumbnail","7":"category-actualidad","8":"tag-conferencia","9":"tag-fernandez","10":"tag-portada"},"_links":{"self":[{"href":"http:\/\/www.rincondelbulla.cl\/portal\/wp-json\/wp\/v2\/posts\/11018","targetHints":{"allow":["GET"]}}],"collection":[{"href":"http:\/\/www.rincondelbulla.cl\/portal\/wp-json\/wp\/v2\/posts"}],"about":[{"href":"http:\/\/www.rincondelbulla.cl\/portal\/wp-json\/wp\/v2\/types\/post"}],"author":[{"embeddable":true,"href":"http:\/\/www.rincondelbulla.cl\/portal\/wp-json\/wp\/v2\/users\/21383"}],"replies":[{"embeddable":true,"href":"http:\/\/www.rincondelbulla.cl\/portal\/wp-json\/wp\/v2\/comments?post=11018"}],"version-history":[{"count":1,"href":"http:\/\/www.rincondelbulla.cl\/portal\/wp-json\/wp\/v2\/posts\/11018\/revisions"}],"predecessor-version":[{"id":11020,"href":"http:\/\/www.rincondelbulla.cl\/portal\/wp-json\/wp\/v2\/posts\/11018\/revisions\/11020"}],"wp:featuredmedia":[{"embeddable":true,"href":"http:\/\/www.rincondelbulla.cl\/portal\/wp-json\/wp\/v2\/media\/11019"}],"wp:attachment":[{"href":"http:\/\/www.rincondelbulla.cl\/portal\/wp-json\/wp\/v2\/media?parent=11018"}],"wp:term":[{"taxonomy":"category","embeddable":true,"href":"http:\/\/www.rincondelbulla.cl\/portal\/wp-json\/wp\/v2\/categories?post=11018"},{"taxonomy":"post_tag","embeddable":true,"href":"http:\/\/www.rincondelbulla.cl\/portal\/wp-json\/wp\/v2\/tags?post=11018"}],"curies":[{"name":"wp","href":"https:\/\/api.w.org\/{rel}","templated":true}]}}