{"id":11021,"date":"2017-01-11T10:29:15","date_gmt":"2017-01-11T13:29:15","guid":{"rendered":"http:\/\/www.rincondelbulla.cl\/portal\/?p=11021"},"modified":"2017-01-11T10:29:15","modified_gmt":"2017-01-11T13:29:15","slug":"que-paso-adidas-publica-camiseta-con-claro-como-auspiciador","status":"publish","type":"post","link":"http:\/\/www.rincondelbulla.cl\/portal\/2017\/01\/11\/que-paso-adidas-publica-camiseta-con-claro-como-auspiciador\/","title":{"rendered":"\u00bfQu\u00e9 pas\u00f3?: Adidas publica camiseta con Claro como auspiciador"},"content":{"rendered":"<p><img loading=\"lazy\" decoding=\"async\" class=\"alignnone size-full wp-image-11022\" src=\"http:\/\/www.rincondelbulla.cl\/portal\/wp-content\/uploads\/2017\/01\/Camiseta-3.jpg\" alt=\"camiseta-3\" width=\"960\" height=\"960\" srcset=\"http:\/\/www.rincondelbulla.cl\/portal\/wp-content\/uploads\/2017\/01\/Camiseta-3.jpg 960w, http:\/\/www.rincondelbulla.cl\/portal\/wp-content\/uploads\/2017\/01\/Camiseta-3-150x150.jpg 150w, http:\/\/www.rincondelbulla.cl\/portal\/wp-content\/uploads\/2017\/01\/Camiseta-3-300x300.jpg 300w, http:\/\/www.rincondelbulla.cl\/portal\/wp-content\/uploads\/2017\/01\/Camiseta-3-768x768.jpg 768w, http:\/\/www.rincondelbulla.cl\/portal\/wp-content\/uploads\/2017\/01\/Camiseta-3-696x696.jpg 696w, http:\/\/www.rincondelbulla.cl\/portal\/wp-content\/uploads\/2017\/01\/Camiseta-3-420x420.jpg 420w\" sizes=\"auto, (max-width: 960px) 100vw, 960px\" \/><\/p>\n<p><strong>Si bien el contrato con la empresa telef\u00f3nica estar\u00eda terminado, detalles har\u00edan que esta marca deba seguir siendo utilizada.<\/strong><!--more--><\/p>\n<p>Mientras todo los hinchas esperan la nueva camiseta de Universidad de Chile, Adidas los sorprendi\u00f3 a todos este mi\u00e9rcoles y public\u00f3 un modelo que parec\u00eda impensado.<\/p>\n<p>En el sitio web de la marca alemana en Chile, apareci\u00f3 el modelo que se utilizar\u00e1 este a\u00f1o 2017 pero con Claro como principal sponsors.<\/p>\n<p>Esto, pese a que se hab\u00eda informado que al empresa telef\u00f3nica no seguir\u00eda como patrocinador, dando paso a la marca automotriz Chevrolet y a su competidor directo Movistar.<\/p>\n<p>Pese a que desde Claro dar\u00edan por terminado el contrato con los azules, un tema legal obligar\u00eda a la \u201cU\u201d utilizarlo por al menos unos partidos m\u00e1s, aunque no se asegura que sea por todo el a\u00f1o<\/p>\n<p><strong>Este es el modelo completo publicado por Adidas.cl:<\/strong><\/p>\n<p><img loading=\"lazy\" decoding=\"async\" class=\"size-full wp-image-11024 aligncenter\" src=\"http:\/\/www.rincondelbulla.cl\/portal\/wp-content\/uploads\/2017\/01\/Camiseta-5.jpg\" alt=\"camiseta-5\" width=\"480\" height=\"480\" srcset=\"http:\/\/www.rincondelbulla.cl\/portal\/wp-content\/uploads\/2017\/01\/Camiseta-5.jpg 480w, http:\/\/www.rincondelbulla.cl\/portal\/wp-content\/uploads\/2017\/01\/Camiseta-5-150x150.jpg 150w, http:\/\/www.rincondelbulla.cl\/portal\/wp-content\/uploads\/2017\/01\/Camiseta-5-300x300.jpg 300w, http:\/\/www.rincondelbulla.cl\/portal\/wp-content\/uploads\/2017\/01\/Camiseta-5-420x420.jpg 420w\" sizes=\"auto, (max-width: 480px) 100vw, 480px\" \/><\/p>\n","protected":false},"excerpt":{"rendered":"<p>Si bien el contrato con la empresa telef\u00f3nica estar\u00eda terminado, detalles har\u00edan que esta marca deba seguir siendo utilizada.<\/p>\n","protected":false},"author":21382,"featured_media":11023,"comment_status":"closed","ping_status":"open","sticky":false,"template":"","format":"standard","meta":{"footnotes":""},"categories":[18],"tags":[454,295,517,1003,522,1007,157,294,156],"class_list":{"0":"post-11021","1":"post","2":"type-post","3":"status-publish","4":"format-standard","5":"has-post-thumbnail","7":"category-actualidad","8":"tag-actualidad","9":"tag-adidas","10":"tag-camiseta","11":"tag-chevrolet","12":"tag-claro","13":"tag-movistar","14":"tag-portada","15":"tag-u-de-chile","16":"tag-universidad-de-chile"},"_links":{"self":[{"href":"http:\/\/www.rincondelbulla.cl\/portal\/wp-json\/wp\/v2\/posts\/11021","targetHints":{"allow":["GET"]}}],"collection":[{"href":"http:\/\/www.rincondelbulla.cl\/portal\/wp-json\/wp\/v2\/posts"}],"about":[{"href":"http:\/\/www.rincondelbulla.cl\/portal\/wp-json\/wp\/v2\/types\/post"}],"author":[{"embeddable":true,"href":"http:\/\/www.rincondelbulla.cl\/portal\/wp-json\/wp\/v2\/users\/21382"}],"replies":[{"embeddable":true,"href":"http:\/\/www.rincondelbulla.cl\/portal\/wp-json\/wp\/v2\/comments?post=11021"}],"version-history":[{"count":1,"href":"http:\/\/www.rincondelbulla.cl\/portal\/wp-json\/wp\/v2\/posts\/11021\/revisions"}],"predecessor-version":[{"id":11025,"href":"http:\/\/www.rincondelbulla.cl\/portal\/wp-json\/wp\/v2\/posts\/11021\/revisions\/11025"}],"wp:featuredmedia":[{"embeddable":true,"href":"http:\/\/www.rincondelbulla.cl\/portal\/wp-json\/wp\/v2\/media\/11023"}],"wp:attachment":[{"href":"http:\/\/www.rincondelbulla.cl\/portal\/wp-json\/wp\/v2\/media?parent=11021"}],"wp:term":[{"taxonomy":"category","embeddable":true,"href":"http:\/\/www.rincondelbulla.cl\/portal\/wp-json\/wp\/v2\/categories?post=11021"},{"taxonomy":"post_tag","embeddable":true,"href":"http:\/\/www.rincondelbulla.cl\/portal\/wp-json\/wp\/v2\/tags?post=11021"}],"curies":[{"name":"wp","href":"https:\/\/api.w.org\/{rel}","templated":true}]}}